{"id":14047,"date":"2016-05-02T10:42:13","date_gmt":"2016-05-02T10:42:13","guid":{"rendered":"http:\/\/www.latempete.info\/?p=14047"},"modified":"2016-05-02T10:42:13","modified_gmt":"2016-05-02T10:42:13","slug":"pour-promouvoir-la-culture-electorale-a-la-base-en-rdc-la-nscc-met-sur-pied-trois-reseaux-provinciaux-deducation-civique-et-electorale","status":"publish","type":"post","link":"https:\/\/www.latempete.info\/?p=14047","title":{"rendered":"Pour promouvoir la culture \u00e9lectorale \u00e0 la base en RDC : La NSCC met sur pied trois r\u00e9seaux provinciaux d&rsquo;\u00e9ducation civique et \u00e9lectorale"},"content":{"rendered":"<p style=\"text-align: justify;\">Apr\u00e8s les sessions de renforcement des capacit\u00e9s de 150 organisations de la soci\u00e9t\u00e9 civile (OSC) locales et 30 journalistes s\u00e9lectionn\u00e9s, \u00e9largis \u00e0 9 autorit\u00e9s locales, 9 autorit\u00e9s coutumi\u00e8res et 9 chefs religieux, l&rsquo;\u00e9quipe du projet a entam\u00e9 une mission, du 26 au 30 avril dernier, pour faciliter la mise en place de trois r\u00e9seaux provinciaux d&rsquo;\u00e9ducation civique et \u00e9lectorale sur l&rsquo;ensemble des neuf sites d&rsquo;intervention du projet \u00e0 savoir, Mbanza-Ngungu, Boma et Matadi pour le Kongo-Central , Kenge, Masi-Manimba et Kikwit (ex-Bandundu) , Kimbanseke, N&rsquo;Sele et Mbankana pour Kinshasa. Les trois r\u00e9seaux provinciaux seront compos\u00e9s des OSC locales, des journalistes, chefs traditionnels, des chefs religieux et autorit\u00e9s locales qui sont les b\u00e9n\u00e9ficiaires directs du projet.<\/p>\n<p style=\"text-align: justify;\">\u00a0\u00bb Cette synergie strat\u00e9gique va permettre de mieux assurer l&rsquo;appropriation et la p\u00e9rennisation de bonnes pratiques \u00e9lectorales par la population dans les trois provinces\u00a0\u00bb, a expliqu\u00e9 Jonas Tshiombela, gestionnaire de ce projet financ\u00e9 par l&rsquo;Union europ\u00e9enne pour une dur\u00e9e de trois ans.<\/p>\n<p style=\"text-align: justify;\">Ces r\u00e9seaux ainsi mis en place seront des cadres d&rsquo;\u00e9change, de dialogue concert\u00e9 \u00a0\u00bb qui vont susciter une dynamique d&rsquo;interaction en mati\u00e8re \u00e9lectorale entre les parties prenantes \u00e0 la base et seront capables d&rsquo;influencer l&rsquo;appropriation, la p\u00e9rennisation et l&rsquo;ancrage durable de la culture \u00e9lectorale au niveau de la population locale \u00e0 travers la sensibilisation, les s\u00e9ances d&rsquo;informations et l&rsquo;\u00e9ducation civique et \u00e9lectorale \u00e0 la base\u00a0\u00bb, a poursuivi M. Tshiombela.<\/p>\n<p style=\"text-align: justify;\">Cet espace permettra ainsi aux OSC locales, aux chefs religieux, aux chefs traditionnels et aux autorit\u00e9s locales d&rsquo;interagir et de favoriser le renforcement de la confiance entre eux, condition n\u00e9cessaire pour la r\u00e9alisation d&rsquo;une bonne campagne de sensibilisation, d&rsquo;informations, d&rsquo;\u00e9ducation civique et \u00e9lectorale.<\/p>\n<p style=\"text-align: justify;\">\u00ab\u00a0Les OSC locales seront porteuses des valeurs et culture \u00e9lectorale susceptibles d&rsquo;influencer l&rsquo;enracinement de bonnes pratiques \u00e9lectorales au sein des populations locales \u00ab\u00a0, soutient le gestionnaire du projet.<\/p>\n<p style=\"text-align: justify;\">Pour leur part, les parties prenantes accompagneront le processus d&rsquo;appropriation et d&rsquo;ancrage de la culture \u00e9lectorale \u00e0 la base\u00a0\u00bb. La grande partie des activit\u00e9s du projet se d\u00e9veloppera \u00e0 travers ces r\u00e9seaux provinciaux et locaux d&rsquo;\u00e9ducation civique et \u00e9lectorale.<\/p>\n<p style=\"text-align: justify;\">Les OSC locales, les m\u00e9dias, les chefs religieux, les chefs traditionnels et les autorit\u00e9s locales membres vont s&rsquo;engager dans cette synergie concert\u00e9e et participative de promotion de la culture \u00e9lectorale \u00e0 la base en se fondant sur les valeurs universelles d&rsquo;une soci\u00e9t\u00e9 d\u00e9mocratique favorisant l&rsquo;\u00e9mergence d&rsquo;un Etat des droits. La finalit\u00e9 est que les populations locales s&rsquo;approprient le bien-fond\u00e9 d&rsquo;une soci\u00e9t\u00e9 d\u00e9mocratique ainsi que les opportunit\u00e9s de d\u00e9veloppement local y aff\u00e9rents.<\/p>\n<p style=\"text-align: justify;\">Par God\u00e9 Kalonji<\/p>\n","protected":false},"excerpt":{"rendered":"<p>Apr\u00e8s les sessions de renforcement des capacit\u00e9s de 150 organisations de la soci\u00e9t\u00e9 civile (OSC) locales et 30 journalistes s\u00e9lectionn\u00e9s, \u00e9largis \u00e0 9 autorit\u00e9s locales, 9 autorit\u00e9s coutumi\u00e8res et 9 chefs religieux, l&rsquo;\u00e9quipe du projet a entam\u00e9 une mission, du 26 au 30 avril dernier, pour faciliter la mise en place de trois r\u00e9seaux provinciaux [&hellip;]<\/p>\n","protected":false},"author":1,"featured_media":0,"comment_status":"open","ping_status":"open","sticky":false,"template":"","format":"standard","meta":{"footnotes":""},"categories":[134,130,5],"tags":[],"class_list":["post-14047","post","type-post","status-publish","format-standard","hentry","category-la-tempete-des-tropiques","category-nation","category-politique"],"_links":{"self":[{"href":"https:\/\/www.latempete.info\/index.php?rest_route=\/wp\/v2\/posts\/14047"}],"collection":[{"href":"https:\/\/www.latempete.info\/index.php?rest_route=\/wp\/v2\/posts"}],"about":[{"href":"https:\/\/www.latempete.info\/index.php?rest_route=\/wp\/v2\/types\/post"}],"author":[{"embeddable":true,"href":"https:\/\/www.latempete.info\/index.php?rest_route=\/wp\/v2\/users\/1"}],"replies":[{"embeddable":true,"href":"https:\/\/www.latempete.info\/index.php?rest_route=%2Fwp%2Fv2%2Fcomments&post=14047"}],"version-history":[{"count":1,"href":"https:\/\/www.latempete.info\/index.php?rest_route=\/wp\/v2\/posts\/14047\/revisions"}],"predecessor-version":[{"id":14048,"href":"https:\/\/www.latempete.info\/index.php?rest_route=\/wp\/v2\/posts\/14047\/revisions\/14048"}],"wp:attachment":[{"href":"https:\/\/www.latempete.info\/index.php?rest_route=%2Fwp%2Fv2%2Fmedia&parent=14047"}],"wp:term":[{"taxonomy":"category","embeddable":true,"href":"https:\/\/www.latempete.info\/index.php?rest_route=%2Fwp%2Fv2%2Fcategories&post=14047"},{"taxonomy":"post_tag","embeddable":true,"href":"https:\/\/www.latempete.info\/index.php?rest_route=%2Fwp%2Fv2%2Ftags&post=14047"}],"curies":[{"name":"wp","href":"https:\/\/api.w.org\/{rel}","templated":true}]}}