{"id":16241,"date":"2016-09-30T09:24:15","date_gmt":"2016-09-30T09:24:15","guid":{"rendered":"http:\/\/www.latempete.info\/?p=16241"},"modified":"2016-09-30T09:55:50","modified_gmt":"2016-09-30T09:55:50","slug":"vers-un-denouement-de-la-crise-entre-musiciens-congolais-et-combattants","status":"publish","type":"post","link":"https:\/\/www.latempete.info\/?p=16241","title":{"rendered":"Vers un d\u00e9nouement de la crise entre musiciens congolais et combattants"},"content":{"rendered":"<p style=\"text-align: justify;\">En dehors de Fally Ipupa qui a r\u00e9alis\u00e9, l&rsquo;an dernier, une \u00e9norme tourn\u00e9e aux Etats-Unis avec son groupe, personne des musiciens congolais ne l&rsquo;avait encore fait depuis plus de sept ans. Non seulement l&rsquo;octroi des visas est devenu un casse-t\u00eate, mais aussi les Congolais de la diaspora n&rsquo;accordent plus d&rsquo;occasion aux groupes venus de la R\u00e9publique d\u00e9mocratique du Congo de se produire, pour des raisons \u00e9minemment politiques.<\/p>\n<p style=\"text-align: justify;\">Et bien, d\u00e8s la semaine prochaine, Werrason et le Wenge Musica Maison M\u00e8re s&rsquo;envolent pour le pays de l&rsquo;Oncle Sam o\u00f9 une s\u00e9rie de concerts les attend. Visas d&rsquo;entr\u00e9e, billets, r\u00e9servations\u2026 tout est fin pr\u00eat pour que le Roi de la For\u00eat retrouve ses fans qui ont choisi le pays de Barack Obama comme leur seconde patrie. Ce, sous la production de Serge Ibaka, le basketteur congolais \u00e9voluant \u00e0 la NBA, aux Etats-Unis.<br \/>\nCette tourn\u00e9e durera, sauf impr\u00e9vu, pr\u00e8s de deux mois.<\/p>\n<p style=\"text-align: justify;\">Nicod\u00e8me, Miel de Son, Thadd\u00e9e de Monticule, Eboa Lotin ou encore Tigre Lobeso Pota \u00e9lectriseront le public yankee avec un spectacle bien fignol\u00e9, sans oublier la sauce f\u00e9minine compos\u00e9e des danseuses qui savent tr\u00e8s bien d\u00e9fendre leur star, Igwe le Roi de la For\u00eat.<\/p>\n<p style=\"text-align: justify;\">Une fois de retour au pays, Werrason promet de finaliser les travaux de son troisi\u00e8me album solo intitul\u00e9 \u00a0\u00bb 7 jours de la semaine \u00ab\u00a0, apr\u00e8s \u00a0\u00bb Kibwisa Mpimpa \u00a0\u00bb et \u00a0\u00bb T\u00e9moignage \u00ab\u00a0. Sauf changement de derni\u00e8re minute, c&rsquo;est au mois de d\u00e9fendre que cet opus sera largu\u00e9 sur le march\u00e9. On signale d\u00e9j\u00e0 que des featurings de haute facture ont \u00e9t\u00e9 r\u00e9alis\u00e9s dans cet album, notamment avec quelques c\u00e9l\u00e9brit\u00e9s am\u00e9ricaines et europ\u00e9ennes.<\/p>\n<p><strong>Ngiama Makanda \u00e9prouv\u00e9<\/strong><\/p>\n<p style=\"text-align: justify;\">Werrason a perdu, la semaine derni\u00e8re, sa jeune s\u0153ur Alice Kifaya, d\u00e9c\u00e9d\u00e9e \u00e0 Kinshasa. Les obs\u00e8ques ont \u00e9t\u00e9 organis\u00e9es \u00e0 Bandal, au domicile familial, alors que la tension \u00e9tait vive dans la capitale suite \u00e0 l&rsquo;environnement politique caract\u00e9ris\u00e9 par des troubles.<\/p>\n<p style=\"text-align: justify;\">A travers une \u00e9mission sp\u00e9cialis\u00e9e, Werra a remerci\u00e9 tous ceux qui l&rsquo;ont assist\u00e9 dans cette dure \u00e9preuve, parmi lesquels Evariste Boshab, Luzolo Bambi, Andr\u00e9 Kimbuta, JB Mpiana, Reddy Amisi et bien d&rsquo;autres personnalit\u00e9s.<\/p>\n<p style=\"text-align: justify;\">Par Bampotiki Chamira<\/p>\n","protected":false},"excerpt":{"rendered":"<p>En dehors de Fally Ipupa qui a r\u00e9alis\u00e9, l&rsquo;an dernier, une \u00e9norme tourn\u00e9e aux Etats-Unis avec son groupe, personne des musiciens congolais ne l&rsquo;avait encore fait depuis plus de sept ans. Non seulement l&rsquo;octroi des visas est devenu un casse-t\u00eate, mais aussi les Congolais de la diaspora n&rsquo;accordent plus d&rsquo;occasion aux groupes venus de la [&hellip;]<\/p>\n","protected":false},"author":1,"featured_media":16244,"comment_status":"open","ping_status":"open","sticky":false,"template":"","format":"standard","meta":{"footnotes":""},"categories":[8,134,29],"tags":[],"class_list":["post-16241","post","type-post","status-publish","format-standard","has-post-thumbnail","hentry","category-culture-media","category-la-tempete-des-tropiques","category-musique"],"_links":{"self":[{"href":"https:\/\/www.latempete.info\/index.php?rest_route=\/wp\/v2\/posts\/16241"}],"collection":[{"href":"https:\/\/www.latempete.info\/index.php?rest_route=\/wp\/v2\/posts"}],"about":[{"href":"https:\/\/www.latempete.info\/index.php?rest_route=\/wp\/v2\/types\/post"}],"author":[{"embeddable":true,"href":"https:\/\/www.latempete.info\/index.php?rest_route=\/wp\/v2\/users\/1"}],"replies":[{"embeddable":true,"href":"https:\/\/www.latempete.info\/index.php?rest_route=%2Fwp%2Fv2%2Fcomments&post=16241"}],"version-history":[{"count":2,"href":"https:\/\/www.latempete.info\/index.php?rest_route=\/wp\/v2\/posts\/16241\/revisions"}],"predecessor-version":[{"id":16248,"href":"https:\/\/www.latempete.info\/index.php?rest_route=\/wp\/v2\/posts\/16241\/revisions\/16248"}],"wp:featuredmedia":[{"embeddable":true,"href":"https:\/\/www.latempete.info\/index.php?rest_route=\/wp\/v2\/media\/16244"}],"wp:attachment":[{"href":"https:\/\/www.latempete.info\/index.php?rest_route=%2Fwp%2Fv2%2Fmedia&parent=16241"}],"wp:term":[{"taxonomy":"category","embeddable":true,"href":"https:\/\/www.latempete.info\/index.php?rest_route=%2Fwp%2Fv2%2Fcategories&post=16241"},{"taxonomy":"post_tag","embeddable":true,"href":"https:\/\/www.latempete.info\/index.php?rest_route=%2Fwp%2Fv2%2Ftags&post=16241"}],"curies":[{"name":"wp","href":"https:\/\/api.w.org\/{rel}","templated":true}]}}