{"id":16651,"date":"2016-10-17T09:51:24","date_gmt":"2016-10-17T09:51:24","guid":{"rendered":"http:\/\/www.latempete.info\/?p=16651"},"modified":"2016-10-17T09:51:24","modified_gmt":"2016-10-17T09:51:24","slug":"16651-2","status":"publish","type":"post","link":"https:\/\/www.latempete.info\/?p=16651","title":{"rendered":"D\u00e9veloppement durable en RDC: Enjeux et perspectives \u00e9voqu\u00e9s par la CCIFC et des experts"},"content":{"rendered":"<p style=\"text-align: justify;\"><em><strong>Au cours d&rsquo;un d\u00e9jeuner d&rsquo;affaires, les principes de ce secteur qui prennent en compte simultan\u00e9ment l&rsquo;\u00e9quit\u00e9 sociale, l&rsquo;efficacit\u00e9 \u00e9conomique et la qualit\u00e9, vont \u00eatre abord\u00e9s!<\/strong><\/em><\/p>\n<p>\u00ab\u00a0D\u00e9veloppement durable en RDC: enjeux et perspectives\u00a0\u00bb est le th\u00e8me du \u00ab\u00a0d\u00e9jeuner d&rsquo;affaires\u00a0\u00bb que la CCIFC (Chambre de commerce et d&rsquo;industrie franco-congolais) organise demain mardi 18 octobre\u00a0 \u00e0 l&rsquo;h\u00f4tel Sultani, dans la commune de la Gombe, \u00e0 Kinshasa.<\/p>\n<p style=\"text-align: justify;\">Deux experts; Philippe Duchocois, conseiller du ministre de l&rsquo;Environnement, Conservation de la nature et du D\u00e9veloppement durable, ainsi que Alain Huart, coordonnateur Agriculture For\u00eat pour le WWF\/RDC (Fonds mondial pour la Nature) vont tenter de fournir les plus d&rsquo;informations possibles sur le d\u00e9veloppement durable aux op\u00e9rateurs du secteur et aux int\u00e9ress\u00e9s afin d&rsquo;enrichir leurs connaissances.<\/p>\n<p style=\"text-align: justify;\">Ils vont s&rsquo;atteler sur les enjeux et les perspectives du domaine dans lequel il faut investir, parce qu&rsquo;il pr\u00e9occupe, outre l&rsquo;\u00e9conomie, du futur. Surtout quand on sait que les institutions de Bretton Woods, comme la Banque mondiale, ont toujours encourag\u00e9 les pays comme la RD Congo, dont l&rsquo;\u00e9conomie est bas\u00e9e sur les ressources naturelles, \u00e0 diversifier leurs \u00e9conomies, notamment en cette p\u00e9riode de baisse des cours des mati\u00e8res premi\u00e8res.<\/p>\n<p style=\"text-align: justify;\">Des \u00e9changes vont se faire autour d&rsquo;un repas. Ce qui implique\u00a0 que les int\u00e9ress\u00e9s devront au pr\u00e9alable prendre contact avec la CCIFC en vue de se faire enregistrer. \u00c0 travers la tenue r\u00e9guli\u00e8re des d\u00e9jeuners d&rsquo;affaires, la chambre entend renforcer les liens entre les repr\u00e9sentants des entreprises membres et les aider \u00e0 d\u00e9velopper les relations d&rsquo;affaires entre eux.<\/p>\n<p style=\"text-align: justify;\">Il faut noter que, l&rsquo;Ambassadeur de France en RDC a toujours pris part \u00e0 ces diff\u00e9rents d\u00e9jeuners d&rsquo;affaires, habituellement organis\u00e9s par l&rsquo;une des chambres de commerce la plus active \u00e0 Kinshasa, laquelle compte ouvrir deux antennes \u00e0 Goma et \u00e0 Lubumbashi.<\/p>\n<p style=\"text-align: justify;\">Concernant le d\u00e9veloppement durable, les experts rel\u00e8vent qu&rsquo;ils cherchent toujours \u00e0 prendre en compte simultan\u00e9ment l&rsquo;\u00e9quit\u00e9 sociale, l&rsquo;efficacit\u00e9 \u00e9conomique et la qualit\u00e9 environnementale.<\/p>\n<p style=\"text-align: justify;\">C&rsquo;est un vaste secteur qui doit \u00eatre abord\u00e9 par les experts, les op\u00e9rateurs et d&rsquo;autres int\u00e9ress\u00e9s. Surtout pour un pays comme la RDC,qui dispose de la plus grande r\u00e9serve du Bassin du Congo, dont l&rsquo;importance n&rsquo;est plus \u00e0 d\u00e9montrer dans le cadre de la protection de la biodiversit\u00e9 et de la lutte contre le changement climatique.<\/p>\n<p style=\"text-align: justify;\">Aussi, le d\u00e9veloppement durable pr\u00e9sente plusieurs opportunit\u00e9s d&rsquo;affaires, il doit \u00eatre abord\u00e9 avec les experts afin de permettre aux int\u00e9ress\u00e9s de se rendre compte du bien fond\u00e9 d&rsquo;investir dans ce secteur, surtout pour les op\u00e9rateurs \u00e9conomiques en qu\u00eate de nouveaux secteurs d&rsquo;exploitation.<\/p>\n<p style=\"text-align: justify;\">Par Lucien Kazadi T.<\/p>\n","protected":false},"excerpt":{"rendered":"<p>Au cours d&rsquo;un d\u00e9jeuner d&rsquo;affaires, les principes de ce secteur qui prennent en compte simultan\u00e9ment l&rsquo;\u00e9quit\u00e9 sociale, l&rsquo;efficacit\u00e9 \u00e9conomique et la qualit\u00e9, vont \u00eatre abord\u00e9s! \u00ab\u00a0D\u00e9veloppement durable en RDC: enjeux et perspectives\u00a0\u00bb est le th\u00e8me du \u00ab\u00a0d\u00e9jeuner d&rsquo;affaires\u00a0\u00bb que la CCIFC (Chambre de commerce et d&rsquo;industrie franco-congolais) organise demain mardi 18 octobre\u00a0 \u00e0 l&rsquo;h\u00f4tel Sultani, [&hellip;]<\/p>\n","protected":false},"author":1,"featured_media":16652,"comment_status":"open","ping_status":"open","sticky":false,"template":"","format":"standard","meta":{"footnotes":""},"categories":[134,5,10],"tags":[],"class_list":["post-16651","post","type-post","status-publish","format-standard","has-post-thumbnail","hentry","category-la-tempete-des-tropiques","category-politique","category-societe"],"_links":{"self":[{"href":"https:\/\/www.latempete.info\/index.php?rest_route=\/wp\/v2\/posts\/16651"}],"collection":[{"href":"https:\/\/www.latempete.info\/index.php?rest_route=\/wp\/v2\/posts"}],"about":[{"href":"https:\/\/www.latempete.info\/index.php?rest_route=\/wp\/v2\/types\/post"}],"author":[{"embeddable":true,"href":"https:\/\/www.latempete.info\/index.php?rest_route=\/wp\/v2\/users\/1"}],"replies":[{"embeddable":true,"href":"https:\/\/www.latempete.info\/index.php?rest_route=%2Fwp%2Fv2%2Fcomments&post=16651"}],"version-history":[{"count":1,"href":"https:\/\/www.latempete.info\/index.php?rest_route=\/wp\/v2\/posts\/16651\/revisions"}],"predecessor-version":[{"id":16653,"href":"https:\/\/www.latempete.info\/index.php?rest_route=\/wp\/v2\/posts\/16651\/revisions\/16653"}],"wp:featuredmedia":[{"embeddable":true,"href":"https:\/\/www.latempete.info\/index.php?rest_route=\/wp\/v2\/media\/16652"}],"wp:attachment":[{"href":"https:\/\/www.latempete.info\/index.php?rest_route=%2Fwp%2Fv2%2Fmedia&parent=16651"}],"wp:term":[{"taxonomy":"category","embeddable":true,"href":"https:\/\/www.latempete.info\/index.php?rest_route=%2Fwp%2Fv2%2Fcategories&post=16651"},{"taxonomy":"post_tag","embeddable":true,"href":"https:\/\/www.latempete.info\/index.php?rest_route=%2Fwp%2Fv2%2Ftags&post=16651"}],"curies":[{"name":"wp","href":"https:\/\/api.w.org\/{rel}","templated":true}]}}