{"id":16786,"date":"2016-10-24T10:04:44","date_gmt":"2016-10-24T10:04:44","guid":{"rendered":"http:\/\/www.latempete.info\/?p=16786"},"modified":"2016-10-24T10:04:44","modified_gmt":"2016-10-24T10:04:44","slug":"congolais-declarent-faux-calculs-de-probabilite-de-mp-maintien-de-kabila-pouvoir","status":"publish","type":"post","link":"https:\/\/www.latempete.info\/?p=16786","title":{"rendered":"Les Congolais d\u00e9clarent faux les calculs de probabilit\u00e9 de la MP sur le maintien de Kabila au pouvoir"},"content":{"rendered":"<p style=\"text-align: justify;\"><em><strong>Ils affirment par ailleurs qu&rsquo;Etienne Tshisekedi, symbole de la r\u00e9sistance populaire, se portera comme un charme<\/strong><\/em><\/p>\n<p style=\"text-align: justify;\">Comme pr\u00e9vu par les protagonistes de ce forum qui laisse un go\u00fbt de cendres \u00e0 des millions et des millions de Congolais qui se disent d\u00e9\u00e7us et insult\u00e9s, la signature de l&rsquo;accord venu couronner les pourparlers engag\u00e9s entre la Majorit\u00e9 pr\u00e9sidentielle et la partie de l&rsquo;opposition inf\u00e9od\u00e9e \u00e0 la cause de celle-ci est intervenue mardi 18 octobre dernier en d\u00e9but de soir\u00e9e \u00e0 la cit\u00e9 de l&rsquo;Union africaine \u00e0 Kinshasa !<\/p>\n<p style=\"text-align: justify;\">A la veille de l&rsquo;accomplissement de cette formalit\u00e9 d&rsquo;usage qui s&rsquo;est malheureusement d\u00e9nu\u00e9e de tout caract\u00e8re inclusif parce que non repr\u00e9sentative de la volont\u00e9 de l&rsquo;ensemble de la nation, une envahissante litt\u00e9rature sur les stratag\u00e8mes d\u00e9velopp\u00e9s par la Majorit\u00e9 pr\u00e9sidentielle pour le maintien de Joseph Kabila au pouvoir a fait de nouveau le tour des chancelleries diplomatiques \u00e0 Kinshasa et dans le reste du monde !<\/p>\n<p><strong>De faux calculs de probabilit\u00e9\u2026<\/strong><\/p>\n<p style=\"text-align: justify;\">Manifestement destin\u00e9e \u00e0 faire croire \u00e0 l&rsquo;opinion nationale et internationale que l&rsquo;accord de la cit\u00e9 de l&rsquo;Union africaine vient accorder une nouvelle l\u00e9gitimit\u00e9 au Chef de l&rsquo;Etat sortant pour \u00a0\u00bb r\u00e9gner \u00a0\u00bb sur le pays apr\u00e8s l&rsquo;\u00e9ch\u00e9ance constitutionnelle du 19 d\u00e9cembre prochain, ladite litt\u00e9rature p\u00e8che de mani\u00e8re \u00e9hont\u00e9e par ses affirmations fond\u00e9es sur de faux calculs de probabilit\u00e9 qui ne reposent en fait sur aucune base sociologique, historique ou, tout au moins, \u00e9motionnel et sentimental !<\/p>\n<p style=\"text-align: justify;\">Reflet de d\u00e9sirs exprim\u00e9s par les b\u00e9n\u00e9ficiaires de l&rsquo;accord sign\u00e9 le 18 octobre entre la Majorit\u00e9 pr\u00e9sidentielle et la partie de l&rsquo;opposition engag\u00e9e aux c\u00f4t\u00e9s de celle-ci pour le besoin de la cause, la litt\u00e9rature dont il est pr\u00e9sentement question annonce les \u00e9v\u00e9nements qui se produiront avec certitude dans l&rsquo;ordre ci-apr\u00e8s : Joseph Kabila sera candidat de sa famille politique \u00e0 la magistrature supr\u00eame du pays par l&rsquo;effet de la magie d&rsquo;une nouvelle Constitution \u00e0 soumettre \u00e0 un r\u00e9f\u00e9rendum en r\u00e8gle.<\/p>\n<p style=\"text-align: justify;\">Etienne Tshisekedi sera totalement \u00e9puis\u00e9 pour oser se pr\u00e9senter de nouveau \u00e0 une \u00e9lection pr\u00e9sidentielle.<br \/>\nL&rsquo;opposition au dialogue pilot\u00e9 par Edem Kodjo \u00e0 la cit\u00e9 de l&rsquo;Union africaine ne sera pas op\u00e9rante faute d&rsquo;un leader charismatique en son sein.<\/p>\n<p style=\"text-align: justify;\">La configuration internationale qui s&rsquo;oppose aux d\u00e9rives totalitaires et antid\u00e9mocratiques attribu\u00e9es aux gouvernants actuels du pays aura radicalement chang\u00e9.<\/p>\n<p><strong>R\u00e9ponse du berger \u00e0 la berg\u00e8re ?<\/strong><\/p>\n<p style=\"text-align: justify;\">En r\u00e9action aux affirmations os\u00e9es et gratuites ci-dessus qui tiennent du g\u00e9nie irr\u00e9aliste du brain-trust de la Majorit\u00e9 pr\u00e9sidentielle, les Congolais du pays et de la diaspora devenus politiquement matures ne r\u00e9fl\u00e9chissent plus comme en 2006, encore moins comme en 2011.<\/p>\n<p style=\"text-align: justify;\">Debout, en effet, comme un seul homme, ils affirment sans crainte d&rsquo;\u00eatre contredits que les calculs de probabilit\u00e9 de la Majorit\u00e9 pr\u00e9sidentielle sur le maintien de Joseph Kabila au pouvoir sont faux. Car rien ne se fera d\u00e9sormais sans eux apr\u00e8s bien des ann\u00e9es pass\u00e9es \u00e0 l&rsquo;\u00e9cole de privations sans cause, de sacrifices non librement consentis et de souffrances inutiles.<\/p>\n<p style=\"text-align: justify;\">Les Congolais affirment par ailleurs qu&rsquo;ils ont tir\u00e9 des le\u00e7ons mod\u00e8les des \u00e9v\u00e9nements sanglants des 18, 19 et 20 janvier 2015 et de ceux des 19 et 20 septembre 2016 sur lesquels des magistrats de la Cour p\u00e9nale internationale viennent enqu\u00eater dans leur pays. Qu&rsquo;ils soient d\u00e9j\u00e0 les bienvenus pour recueillir leurs t\u00e9moignages.<\/p>\n<p style=\"text-align: justify;\">Les Congolais affirment, enfin, \u00eatre conscients de ce qui les attend au tournant de d\u00e9fis dans leur direction lanc\u00e9s par le pouvoir en place dans leur pays et se pr\u00e9parent \u00e0 y faire face par la non-violence appuy\u00e9e par les pri\u00e8res !<\/p>\n<p style=\"text-align: justify;\">Pour les Congolais, le malheur qui tend \u00e0 s&rsquo;abattre sur leur pays vient des mod\u00e8les totalitaires impos\u00e9s aux peuples de leurs voisinages imm\u00e9diats. Ils pr\u00e9viennent en indiquant que la RDC qui n&rsquo;a pas de probl\u00e8mes ethniques comme le Rwanda et le Burundi, restera soud\u00e9e \u00e0 travers ses composantes sociopolitiques afin de lutter efficacement contre les saboteurs de sa Constitution qui consacre l&rsquo;unicit\u00e9 de sa nation et de son devenir.<\/p>\n<p style=\"text-align: justify;\">Bref, les Congolais sont d\u00e9termin\u00e9s \u00e0 se constituer en un front int\u00e9rieur en vue de r\u00e9sister pacifiquement \u00e0 toute forme d&rsquo;oppression et d&rsquo;arbitraire d&rsquo;o\u00f9 qu&rsquo;elle viendrait. Et ce, conform\u00e9ment aux prescrits de leur Constitution.<\/p>\n<p style=\"text-align: justify;\">S&rsquo;agissant de la personne d&rsquo;Etienne Tshisekedi, les Congolais affirment que ce dernier est le symbole de la r\u00e9sistance populaire dans leur pays et qu&rsquo;il continuera \u00e0 se porter comme un charme jusqu&rsquo;\u00e0 l&rsquo;\u00e9tablissement d&rsquo;un Etat de droit en RDC !<\/p>\n<p style=\"text-align: justify;\">En ce qui concerne l&rsquo;opposition au dialogue pilot\u00e9 par Edem Kodjo \u00e0 la cit\u00e9 de l&rsquo;Union africaine qui n&rsquo;aurait pas un leader charismatique en son sein, les Congolais se demandent comment la Majorit\u00e9 pr\u00e9sidentielle avait n\u00e9goci\u00e9 l&rsquo;accord qu&rsquo;elle a contresign\u00e9 en l&rsquo;absence d&rsquo;un leader de ce qu&rsquo;elle consid\u00e9r\u00e9 comme \u00a0\u00bb opposition \u00a0\u00bb \u00e0 ce forum. Par o\u00f9 pourrait donc passer ce dernier la veille de la prochaine pr\u00e9sidentielle face \u00e0 Kabila dont la candidature a \u00e9t\u00e9 annonc\u00e9e par sa famille politique ?<\/p>\n<p style=\"text-align: justify;\">Il y a, enfin, la question \u00e0 laquelle s&rsquo;accroche tant la Majorit\u00e9 pr\u00e9sidentielle qui est dans le collimateur de la communaut\u00e9 internationale : le changement de la configuration internationale.<\/p>\n<p style=\"text-align: justify;\">Les Congolais pensent g\u00e9n\u00e9ralement que les strat\u00e8ges de la famille politique du Chef de l&rsquo;Etat sortant ont tap\u00e9 \u00e0 c\u00f4t\u00e9 de la plaque en confondant les changements qui interviendront prochainement aux Nations-Unies avec l&rsquo;\u00e9lection du rempla\u00e7ant de Ban Ki-Moon, du successeur de Barack Obama \u00e0 la Maison blanche, de l&rsquo;\u00e9ventuel nouveau chef d&rsquo;Etat fran\u00e7ais \u00e0 la place de Fran\u00e7ois Hollande, et tutti quanti !<\/p>\n<p style=\"text-align: justify;\">Ce que la Majorit\u00e9 ignore, c&rsquo;est que les \u00e9lections dans les d\u00e9mocraties qui dirigent et contr\u00f4lent le monde appellent de nouveaux responsables politiques et pas n\u00e9cessairement des changements au niveau de principes fondateurs des Etats.<\/p>\n<p style=\"text-align: justify;\">Par Bamporiki Chamira<\/p>\n","protected":false},"excerpt":{"rendered":"<p>Ils affirment par ailleurs qu&rsquo;Etienne Tshisekedi, symbole de la r\u00e9sistance populaire, se portera comme un charme Comme pr\u00e9vu par les protagonistes de ce forum qui laisse un go\u00fbt de cendres \u00e0 des millions et des millions de Congolais qui se disent d\u00e9\u00e7us et insult\u00e9s, la signature de l&rsquo;accord venu couronner les pourparlers engag\u00e9s entre la [&hellip;]<\/p>\n","protected":false},"author":1,"featured_media":0,"comment_status":"open","ping_status":"open","sticky":false,"template":"","format":"standard","meta":{"footnotes":""},"categories":[134,130,5],"tags":[],"class_list":["post-16786","post","type-post","status-publish","format-standard","hentry","category-la-tempete-des-tropiques","category-nation","category-politique"],"_links":{"self":[{"href":"https:\/\/www.latempete.info\/index.php?rest_route=\/wp\/v2\/posts\/16786"}],"collection":[{"href":"https:\/\/www.latempete.info\/index.php?rest_route=\/wp\/v2\/posts"}],"about":[{"href":"https:\/\/www.latempete.info\/index.php?rest_route=\/wp\/v2\/types\/post"}],"author":[{"embeddable":true,"href":"https:\/\/www.latempete.info\/index.php?rest_route=\/wp\/v2\/users\/1"}],"replies":[{"embeddable":true,"href":"https:\/\/www.latempete.info\/index.php?rest_route=%2Fwp%2Fv2%2Fcomments&post=16786"}],"version-history":[{"count":1,"href":"https:\/\/www.latempete.info\/index.php?rest_route=\/wp\/v2\/posts\/16786\/revisions"}],"predecessor-version":[{"id":16787,"href":"https:\/\/www.latempete.info\/index.php?rest_route=\/wp\/v2\/posts\/16786\/revisions\/16787"}],"wp:attachment":[{"href":"https:\/\/www.latempete.info\/index.php?rest_route=%2Fwp%2Fv2%2Fmedia&parent=16786"}],"wp:term":[{"taxonomy":"category","embeddable":true,"href":"https:\/\/www.latempete.info\/index.php?rest_route=%2Fwp%2Fv2%2Fcategories&post=16786"},{"taxonomy":"post_tag","embeddable":true,"href":"https:\/\/www.latempete.info\/index.php?rest_route=%2Fwp%2Fv2%2Ftags&post=16786"}],"curies":[{"name":"wp","href":"https:\/\/api.w.org\/{rel}","templated":true}]}}