{"id":18352,"date":"2016-12-16T09:33:22","date_gmt":"2016-12-16T09:33:22","guid":{"rendered":"http:\/\/www.latempete.info\/?p=18352"},"modified":"2016-12-16T09:33:22","modified_gmt":"2016-12-16T09:33:22","slug":"18352-2","status":"publish","type":"post","link":"https:\/\/www.latempete.info\/?p=18352","title":{"rendered":"Du 17 d\u00e9cembre 2016 au 15 janvier 2017 : L&rsquo;Assembl\u00e9e nationale aussi en session extraordinaire"},"content":{"rendered":"<p style=\"text-align: justify;\">Le pr\u00e9sident de l&rsquo;Assembl\u00e9e nationale, Aubin Minaku, a pris, jeudi 15 d\u00e9cembre, une d\u00e9cision convoquant officiellement sa chambre l\u00e9gislative en session parlementaire extraordinaire.<\/p>\n<p style=\"text-align: justify;\">Selon l&rsquo;esprit et la lettre de cette d\u00e9cision, la session s&rsquo;ouvre demain samedi 17 d\u00e9cembre, au cours d&rsquo;une c\u00e9r\u00e9monie pr\u00e9vue \u00e0 cet effet en la salle des Congr\u00e8s du Palais du peuple, si\u00e8ge du Parlement de la R\u00e9publique. Elle sera cl\u00f4tur\u00e9e le 15 janvier 2017.<\/p>\n<p style=\"text-align: justify;\">Concernant son calendrier, cette session extraordinaire aura pour objets d&rsquo;investir le Gouvernement qui sera bient\u00f4t mis en place, de permettre \u00e0 ce futur Gouvernement de solliciter l&rsquo;ouverture des cr\u00e9dits provisoires pour faire fonctionner l&rsquo;appareil \u00e9tatique et au Parlement de la R\u00e9publique d&rsquo;examiner et d&rsquo;adopter le projet de loi des finances de l&rsquo;Etat pour l&rsquo;exercice budg\u00e9taire 2017.<\/p>\n<p style=\"text-align: justify;\">Au cours de la m\u00eame session extraordinaire, les d\u00e9put\u00e9s nationaux vont proc\u00e9der \u00e0 la validation des mandats et\u00a0 parachever d&rsquo;autres mati\u00e8res l\u00e9gislatives \u00e0 leur port\u00e9e.<\/p>\n<p style=\"text-align: justify;\">Par Marcel Tshishiku<\/p>\n","protected":false},"excerpt":{"rendered":"<p>Le pr\u00e9sident de l&rsquo;Assembl\u00e9e nationale, Aubin Minaku, a pris, jeudi 15 d\u00e9cembre, une d\u00e9cision convoquant officiellement sa chambre l\u00e9gislative en session parlementaire extraordinaire. Selon l&rsquo;esprit et la lettre de cette d\u00e9cision, la session s&rsquo;ouvre demain samedi 17 d\u00e9cembre, au cours d&rsquo;une c\u00e9r\u00e9monie pr\u00e9vue \u00e0 cet effet en la salle des Congr\u00e8s du Palais du peuple, [&hellip;]<\/p>\n","protected":false},"author":1,"featured_media":16756,"comment_status":"open","ping_status":"open","sticky":false,"template":"","format":"standard","meta":{"footnotes":""},"categories":[134,130,5],"tags":[],"class_list":["post-18352","post","type-post","status-publish","format-standard","has-post-thumbnail","hentry","category-la-tempete-des-tropiques","category-nation","category-politique"],"_links":{"self":[{"href":"https:\/\/www.latempete.info\/index.php?rest_route=\/wp\/v2\/posts\/18352"}],"collection":[{"href":"https:\/\/www.latempete.info\/index.php?rest_route=\/wp\/v2\/posts"}],"about":[{"href":"https:\/\/www.latempete.info\/index.php?rest_route=\/wp\/v2\/types\/post"}],"author":[{"embeddable":true,"href":"https:\/\/www.latempete.info\/index.php?rest_route=\/wp\/v2\/users\/1"}],"replies":[{"embeddable":true,"href":"https:\/\/www.latempete.info\/index.php?rest_route=%2Fwp%2Fv2%2Fcomments&post=18352"}],"version-history":[{"count":1,"href":"https:\/\/www.latempete.info\/index.php?rest_route=\/wp\/v2\/posts\/18352\/revisions"}],"predecessor-version":[{"id":18353,"href":"https:\/\/www.latempete.info\/index.php?rest_route=\/wp\/v2\/posts\/18352\/revisions\/18353"}],"wp:featuredmedia":[{"embeddable":true,"href":"https:\/\/www.latempete.info\/index.php?rest_route=\/wp\/v2\/media\/16756"}],"wp:attachment":[{"href":"https:\/\/www.latempete.info\/index.php?rest_route=%2Fwp%2Fv2%2Fmedia&parent=18352"}],"wp:term":[{"taxonomy":"category","embeddable":true,"href":"https:\/\/www.latempete.info\/index.php?rest_route=%2Fwp%2Fv2%2Fcategories&post=18352"},{"taxonomy":"post_tag","embeddable":true,"href":"https:\/\/www.latempete.info\/index.php?rest_route=%2Fwp%2Fv2%2Ftags&post=18352"}],"curies":[{"name":"wp","href":"https:\/\/api.w.org\/{rel}","templated":true}]}}