{"id":18354,"date":"2016-12-16T09:35:37","date_gmt":"2016-12-16T09:35:37","guid":{"rendered":"http:\/\/www.latempete.info\/?p=18354"},"modified":"2016-12-16T09:35:37","modified_gmt":"2016-12-16T09:35:37","slug":"presentation-des-activites-2016-de-letat-civil-et-de-la-population-kinoise","status":"publish","type":"post","link":"https:\/\/www.latempete.info\/?p=18354","title":{"rendered":"Pr\u00e9sentation des activit\u00e9s 2016 de l&rsquo;Etat-civil et de la population kinoise : L&rsquo;Unicef s&rsquo;engage \u00e0 \u0153uvrer pour le bien-\u00eatre et le respect des droits de l&rsquo;enfant congolais"},"content":{"rendered":"<p style=\"text-align: justify;\">La salle de conf\u00e9rence du Fonds des Nations-Unies pour l&rsquo;enfance a servi de cadre, hier jeudi 15 d\u00e9cembre 2016, \u00e0 l&rsquo;atelier provincial de pr\u00e9sentation des activit\u00e9s 2016 de l&rsquo;Etat-civil et de la population de Kinshasa.<\/p>\n<p>Au total, plus de 130 participants ont pris part \u00e0 l&rsquo;ouverture des ces assises d&rsquo;une seule journ\u00e9e r\u00e9unissant les repr\u00e9sentants des minist\u00e8res de l&rsquo;int\u00e9rieur, de la Justice, Sant\u00e9, du Plan, Genre, les experts de l&rsquo;Unicef et ceux des Affaires sociales, ainsi que de la Soci\u00e9t\u00e9 civile.<\/p>\n<p>La particularit\u00e9 de pr\u00e9sentes assises, contrairement aux pr\u00e9c\u00e9dentes tenues respectivement en 2013, 2014 et 2015, c&rsquo;est la pr\u00e9sence et le concours des encadreurs pour la participation des enfants auxquels l&rsquo;Unicef et les autres\u00a0 services du gouvernement congolais charg\u00e9s d&rsquo;enregistrement des nouveau-n\u00e9s se sont int\u00e9ress\u00e9s pour les enr\u00f4ler.<\/p>\n<p>D&rsquo;o\u00f9, la mise en place par le m\u00eame gouvernement, \u00e0 travers la ville de Kinshasa, des acteurs travaillant pour l&rsquo;enregistrement des naissances de trois nouveaux bureaux secondaires de l&rsquo;Etat-civil.<\/p>\n<p>Cette ann\u00e9e 2016 qui s&rsquo;ach\u00e8ve, a \u00e9t\u00e9 marqu\u00e9 de nombreux progr\u00e8s notamment gr\u00e2ce \u00e0 l&rsquo;appui des partenaires du gouvernement du Canada avec lequel l&rsquo;Unicef a d\u00e9j\u00e0 entam\u00e9 un projet de trois ans qui vise notamment l&rsquo;am\u00e9lioration de l&rsquo;enregistrement de routine des nouveau-n\u00e9s dans les maternit\u00e9s.<\/p>\n<p>Le tableau bross\u00e9 cette ann\u00e9e, a d\u00e9clar\u00e9 le chef de section gouvernance en charge de protection de l&rsquo;enfant (Unicef), Paola Fauelo, pr\u00e9sente des r\u00e9sultats des activit\u00e9s de la ville de Kinshasa et donne l&rsquo;id\u00e9e d&rsquo;une perspective de celles qui seront entreprises l&rsquo;ann\u00e9e prochaine en tenant compte de nombreux d\u00e9fis \u00e0 relever.<\/p>\n<p>Les r\u00e9sultats de la derni\u00e8re enqu\u00eate 2013\/2014 exposent un taux national d&rsquo;enregistrement des enfants de moins de 5 ans de 25% avec seulement 14% d&rsquo;enfants qui d\u00e9tiennent physiquement leur acte de naissance.<\/p>\n<p>La province de Kinshasa, quant \u00e0 elle, \u00e9tait au dessus avec un taux de 39%. Le souhait est que les efforts conjugu\u00e9s depuis 2014 permettraient de faire remonter ce taux lors de la prochaine enqu\u00eate \u00e0 indicateur multiples (MICS), a-t-elle conclu.<\/p>\n<p>Pour sa part, le chef de division urbaine de l&rsquo;int\u00e9rieur et s\u00e9curit\u00e9, Mafwanikisa-Mbakabata, a pr\u00e9cis\u00e9 que cet atelier s&rsquo;insiscrit dans le cadre du programme de partenariat entre la ville de Kinshasa et le Fonds de Nations-Unies pour l&rsquo;enfance et les villes belges, en jumelage avec certaines communes de Kinshasa.<\/p>\n<p>Il vise, comme objectif, d&rsquo;\u00e9valuer la faisabilit\u00e9 des activit\u00e9s r\u00e9alis\u00e9es cette ann\u00e9e dans le domaine de l&rsquo;Etat-civil et de la population afin de d\u00e9gager les forces, les faiblesses et tirer les recommandations ; tirer les bonnes pratiques \u00e0 p\u00e9renniser les ann\u00e9es prochaines en vue d&rsquo;am\u00e9liorer de plus en plus le rendement de ces deux services et pr\u00e9senter le d\u00e9fi \u00e0 relever ainsi que les activit\u00e9s \u00e0 r\u00e9aliser en 2017 pour les deux services.<\/p>\n<p>Par Guylain Imbula<\/p>\n","protected":false},"excerpt":{"rendered":"<p>La salle de conf\u00e9rence du Fonds des Nations-Unies pour l&rsquo;enfance a servi de cadre, hier jeudi 15 d\u00e9cembre 2016, \u00e0 l&rsquo;atelier provincial de pr\u00e9sentation des activit\u00e9s 2016 de l&rsquo;Etat-civil et de la population de Kinshasa. Au total, plus de 130 participants ont pris part \u00e0 l&rsquo;ouverture des ces assises d&rsquo;une seule journ\u00e9e r\u00e9unissant les repr\u00e9sentants [&hellip;]<\/p>\n","protected":false},"author":1,"featured_media":17490,"comment_status":"open","ping_status":"open","sticky":false,"template":"","format":"standard","meta":{"footnotes":""},"categories":[134,10],"tags":[],"class_list":["post-18354","post","type-post","status-publish","format-standard","has-post-thumbnail","hentry","category-la-tempete-des-tropiques","category-societe"],"_links":{"self":[{"href":"https:\/\/www.latempete.info\/index.php?rest_route=\/wp\/v2\/posts\/18354"}],"collection":[{"href":"https:\/\/www.latempete.info\/index.php?rest_route=\/wp\/v2\/posts"}],"about":[{"href":"https:\/\/www.latempete.info\/index.php?rest_route=\/wp\/v2\/types\/post"}],"author":[{"embeddable":true,"href":"https:\/\/www.latempete.info\/index.php?rest_route=\/wp\/v2\/users\/1"}],"replies":[{"embeddable":true,"href":"https:\/\/www.latempete.info\/index.php?rest_route=%2Fwp%2Fv2%2Fcomments&post=18354"}],"version-history":[{"count":1,"href":"https:\/\/www.latempete.info\/index.php?rest_route=\/wp\/v2\/posts\/18354\/revisions"}],"predecessor-version":[{"id":18355,"href":"https:\/\/www.latempete.info\/index.php?rest_route=\/wp\/v2\/posts\/18354\/revisions\/18355"}],"wp:featuredmedia":[{"embeddable":true,"href":"https:\/\/www.latempete.info\/index.php?rest_route=\/wp\/v2\/media\/17490"}],"wp:attachment":[{"href":"https:\/\/www.latempete.info\/index.php?rest_route=%2Fwp%2Fv2%2Fmedia&parent=18354"}],"wp:term":[{"taxonomy":"category","embeddable":true,"href":"https:\/\/www.latempete.info\/index.php?rest_route=%2Fwp%2Fv2%2Fcategories&post=18354"},{"taxonomy":"post_tag","embeddable":true,"href":"https:\/\/www.latempete.info\/index.php?rest_route=%2Fwp%2Fv2%2Ftags&post=18354"}],"curies":[{"name":"wp","href":"https:\/\/api.w.org\/{rel}","templated":true}]}}