{"id":18489,"date":"2016-12-27T09:59:55","date_gmt":"2016-12-27T09:59:55","guid":{"rendered":"http:\/\/www.latempete.info\/?p=18489"},"modified":"2016-12-27T09:59:55","modified_gmt":"2016-12-27T09:59:55","slug":"18489-2","status":"publish","type":"post","link":"https:\/\/www.latempete.info\/?p=18489","title":{"rendered":"Quand la politique fait peur"},"content":{"rendered":"<p style=\"text-align: justify;\">Le processus de la d\u00e9mocratisation, mis \u00e0 mal en R\u00e9publique D\u00e9mocratique du Congo\u00a0 pour l\u2019alternance au pouvoir, a engendr\u00e9 une psychose sans nom au sein de la population congolaise, particuli\u00e8rement celle de Kinshasa, la capitale. A l\u2019approche de la date du 19 d\u00e9cembre dernier, sanctionnant la fin du mandat constitutionnel de l\u2019actuel pr\u00e9sident de la R\u00e9publique, on avait comme l\u2019impression de s\u2019approcher petit \u00e0 petit vers l\u2019inconnu.<\/p>\n<p style=\"text-align: justify;\">Tout peut arriver, s\u2019imagine la population Kinoise pendant cette journ\u00e9e, \u00e9tant donn\u00e9 que l\u2019\u00e9volution de la situation politique n\u2019est pas du tout rassurante. Pour preuve, les Kinois sont rest\u00e9s dans leur maison, les activit\u00e9s commerciales n\u2019ont pas du tout tourn\u00e9, les banques ont \u00e9t\u00e9 ferm\u00e9es, les employeurs n\u2019ont pas fait le d\u00e9placement pour leur lieu de travail, les transports en communs priv\u00e9s inexistants, \u00e0 l\u2019exception des bus de l\u2019Etat qui circulaient, etc.<\/p>\n<p><strong>Des Congolais d\u00e9sorient\u00e9s<\/strong><\/p>\n<p style=\"text-align: justify;\">Cela montre donc \u00e0 suffisance que lorsque les gouvernants posent des actes non responsables, la politique fait peur \u00e0 tout un peuple craignant des cons\u00e9quences f\u00e2cheuses par la suite. Et puis l\u2019avenir de toute une nation devient incertain, au point que les Congolais ne savent plus \u00e0 quel saint se vouer. Raison pour laquelle, ces derniers tournent souvent son regard vers les pays des vielles d\u00e9mocraties concernant la d\u00e9fense de ses droits.<\/p>\n<p style=\"text-align: justify;\">Des pays dont l\u2019exercice du pouvoir est devenu un jeu d\u00e9mocratique devraient plut\u00f4t inspirer les politiques congolais qui veulent encore s\u2019accrocher au pouvoir m\u00eame au-del\u00e0 du d\u00e9lai constitutionnel. Une attitude qui freine, malheureusement, l\u2019\u00e9lan du processus \u00e9lectoral d\u00e9j\u00e0 lanc\u00e9 il y a plusieurs ann\u00e9es.<\/p>\n<p style=\"text-align: justify;\">En plus, elle ne favorise pas la paix et la stabilit\u00e9 tant souhait\u00e9es pour le d\u00e9veloppement \u00e9conomique d\u2019un pays. Aucun investisseur ne peut risquer de placer son capital dans un pays o\u00f9 la politique ne le rassure pas. Aussi longtemps que la politique suscitera toujours de la crainte en Rd Congo, rien ne pourra faire avancer les choses.<\/p>\n<p><strong>L\u2019ambiance observ\u00e9e \u00e0 Kinshasa<\/strong><\/p>\n<p style=\"text-align: justify;\">L\u2019ambiance observ\u00e9e dans les diff\u00e9rents march\u00e9s de Kinshasa avant la date pr\u00e9cit\u00e9e montre \u00e0 quel point l\u2019instabilit\u00e9 politique peut influencer n\u00e9gativement la marche du pays. C\u2019est aussi une fa\u00e7on d\u2019interpeller le pouvoir public pour une gestion responsable du pays.<\/p>\n<p style=\"text-align: justify;\">Le samedi 17 d\u00e9cembre dernier, les m\u00e9nag\u00e8res avaient pris d\u2019assaut les march\u00e9s pour s\u2019approvisionner aux produits de premi\u00e8re n\u00e9cessit\u00e9. Le but a \u00e9t\u00e9 de pouvoir tenir le coup pendant quelques jours au cas o\u00f9 la situation pourrait d\u00e9g\u00e9n\u00e9rer dans le pays. Heureusement que rien de tel n\u2019a pu arriver pouvant occasionner un chaos g\u00e9n\u00e9ralis\u00e9 dans le pays.<\/p>\n<p style=\"text-align: justify;\">Ce qu\u2019il faut rappeler est que l\u2019on a \u00e9t\u00e9 surpris de la mani\u00e8re dont ces m\u00e9nag\u00e8res ont achet\u00e9 leurs provisions. Celles-ci refl\u00e9taient, en fait, la difficult\u00e9 socio-\u00e9conomique travers\u00e9e par bon nombre de foyers. Ces femmes sortaient du march\u00e9, sachets en mains, avec l\u2019intention de tenir pendant au moins quelques jours. Pour \u00eatre clair, beaucoup de Congolais ont souffert de la faim, par manque de provisions, si la situation \u00e9tait devenue incontr\u00f4lable.<\/p>\n<p style=\"text-align: justify;\">Par TSM<\/p>\n","protected":false},"excerpt":{"rendered":"<p>Le processus de la d\u00e9mocratisation, mis \u00e0 mal en R\u00e9publique D\u00e9mocratique du Congo\u00a0 pour l\u2019alternance au pouvoir, a engendr\u00e9 une psychose sans nom au sein de la population congolaise, particuli\u00e8rement celle de Kinshasa, la capitale. A l\u2019approche de la date du 19 d\u00e9cembre dernier, sanctionnant la fin du mandat constitutionnel de l\u2019actuel pr\u00e9sident de la [&hellip;]<\/p>\n","protected":false},"author":1,"featured_media":0,"comment_status":"open","ping_status":"open","sticky":false,"template":"","format":"standard","meta":{"footnotes":""},"categories":[134,130,5],"tags":[],"class_list":["post-18489","post","type-post","status-publish","format-standard","hentry","category-la-tempete-des-tropiques","category-nation","category-politique"],"_links":{"self":[{"href":"https:\/\/www.latempete.info\/index.php?rest_route=\/wp\/v2\/posts\/18489"}],"collection":[{"href":"https:\/\/www.latempete.info\/index.php?rest_route=\/wp\/v2\/posts"}],"about":[{"href":"https:\/\/www.latempete.info\/index.php?rest_route=\/wp\/v2\/types\/post"}],"author":[{"embeddable":true,"href":"https:\/\/www.latempete.info\/index.php?rest_route=\/wp\/v2\/users\/1"}],"replies":[{"embeddable":true,"href":"https:\/\/www.latempete.info\/index.php?rest_route=%2Fwp%2Fv2%2Fcomments&post=18489"}],"version-history":[{"count":1,"href":"https:\/\/www.latempete.info\/index.php?rest_route=\/wp\/v2\/posts\/18489\/revisions"}],"predecessor-version":[{"id":18490,"href":"https:\/\/www.latempete.info\/index.php?rest_route=\/wp\/v2\/posts\/18489\/revisions\/18490"}],"wp:attachment":[{"href":"https:\/\/www.latempete.info\/index.php?rest_route=%2Fwp%2Fv2%2Fmedia&parent=18489"}],"wp:term":[{"taxonomy":"category","embeddable":true,"href":"https:\/\/www.latempete.info\/index.php?rest_route=%2Fwp%2Fv2%2Fcategories&post=18489"},{"taxonomy":"post_tag","embeddable":true,"href":"https:\/\/www.latempete.info\/index.php?rest_route=%2Fwp%2Fv2%2Ftags&post=18489"}],"curies":[{"name":"wp","href":"https:\/\/api.w.org\/{rel}","templated":true}]}}