{"id":18499,"date":"2016-12-27T10:52:04","date_gmt":"2016-12-27T10:52:04","guid":{"rendered":"http:\/\/www.latempete.info\/?p=18499"},"modified":"2016-12-27T10:52:04","modified_gmt":"2016-12-27T10:52:04","slug":"18499-2","status":"publish","type":"post","link":"https:\/\/www.latempete.info\/?p=18499","title":{"rendered":"Human Rights Watch avance le chiffre de 34 personnes tu\u00e9es \u00e0 travers le pays"},"content":{"rendered":"<p style=\"text-align: justify;\">Human Rights Watch (HRW) a confirm\u00e9 que les forces de s\u00e9curit\u00e9 congolaises ont tu\u00e9 au moins 34 personnes lors des manifestations de mardi 20 d\u00e9cembre dernier, dont 19 \u00e0 Kinshasa, 5 \u00e0 Lubumbashi, 6 \u00e0 Boma et 4 \u00e0 Matadi.\u00a0 \u00abNous avons re\u00e7u un certain nombre d\u2019informations suppl\u00e9mentaires que nous continuons de v\u00e9rifier\u00a0\u00bb a \u00e9crit Ida Sawyer, Directrice pour l\u2019Afrique centrale sur son compte Twitter.<\/p>\n<p style=\"text-align: justify;\">Une famille de Kinshasa\u00a0 a confirm\u00e9 \u00e0 HRW la mort d\u2019un certain\u00a0 Jacob, un chauffeur habitant la commune de Masina, qui est sorti de chez lui vers une heure du matin pour prendre un appel t\u00e9l\u00e9phonique, une heure apr\u00e8s le terme des deux mandats constitutionnels du pr\u00e9sident Joseph Kabila, alors que beaucoup se trouvaient d\u00e9j\u00e0 descendus dans les rues pour clamer que le r\u00e8gne de Kabila \u00e9tait r\u00e9volu, \u00e0 l\u2019aide de sifflets et en tambourinant sur des pots et des casseroles.<\/p>\n<p style=\"text-align: justify;\">Rapidement, des militaires sont apparus, accusant Jacob de \u00ab\u00a0parler aux rebelles qui planifiaient une attaque contre Kinshasa\u00a0\u00bb, avant de l\u2019arr\u00eater. Plus tard, la famille de Jacob s\u2019est rendue \u00e0 la base militaire se trouvant pr\u00e8s de son domicile pour tenter de n\u00e9gocier sa remise en libert\u00e9.<\/p>\n<p style=\"text-align: justify;\">Mais les militaires leur ont conseill\u00e9 de rentrer chez eux et de \u00ab\u00a0pleurer sa mort\u00a0\u00bb.\u00a0 Peu de temps apr\u00e8s, les voisins ont trouv\u00e9 le corps de Jacob dans un trou au bord de la route, \u00e0 environ 200 m\u00e8tres de son domicile.<\/p>\n<p><strong>Balles perdues<\/strong><\/p>\n<p style=\"text-align: justify;\">Le bureau des Nations Unies aux droits de l\u2019homme a \u00e9galement signal\u00e9 qu\u2019au moins 19 personnes ont \u00e9t\u00e9 tu\u00e9es mardi \u00e0 Kinshasa, alors que le porte-parole de la police\u00a0 soutenait que le nombre de morts s\u2019\u00e9l\u00e8ve \u00e0 9 personnes \u00e0 Kinshasa, fauch\u00e9es selon lui par des balles perdues.<\/p>\n<p style=\"text-align: justify;\">Dans l\u2019ensemble du pays, a-t-il d\u00e9clar\u00e9, 22 personnes avaient \u00e9t\u00e9 tu\u00e9es lors de manifestations entre le 18 et le 21 d\u00e9cembre, dont 3 \u00e0 Matadi, 2 \u00e0 Boma et 8 \u00e0 Lubumbashi. Le porte-parole a \u00e9galement affirm\u00e9 que plus de 270 personnes avaient \u00e9t\u00e9 arr\u00eat\u00e9es.<\/p>\n<p style=\"text-align: justify;\">A Goma, la police a arr\u00eat\u00e9 19 activistes du mouvement de jeunes pro-d\u00e9mocratie LUCHA, alors qu\u2019ils tentaient de faire un sit-in pacifique devant le bureau du gouverneur. Un journaliste \u00e9tranger observant la manifestation a \u00e9t\u00e9 d\u00e9tenu plusieurs heures durant. Au moins cinq journalistes internationaux ont \u00e9t\u00e9 d\u00e9tenus, puis remis en libert\u00e9, \u00e0 Kinshasa et \u00e0 Goma.<\/p>\n<p style=\"text-align: justify;\">Sept activistes de LUCHA et un passant ont \u00e9galement \u00e9t\u00e9 arr\u00eat\u00e9s \u00e0 Mbuji-Mayi, alors qu\u2019ils discutaient de leurs prochaines activit\u00e9s. Deux d\u2019entre eux ont \u00e9t\u00e9 pr\u00e9sent\u00e9s au bureau du procureur, les six autres lib\u00e9r\u00e9s.<\/p>\n<p style=\"text-align: justify;\">Selon HRW, au moins 14 activistes des mouvements de jeunes LUCHA, Filimbi et R\u00e9veil des Indign\u00e9s ont \u00e9t\u00e9 arr\u00eat\u00e9s lors d\u2019un sit-in devant l\u2019assembl\u00e9e provinciale de Bukavu. Ils ont \u00e9t\u00e9 ensuite remis en libert\u00e9.<\/p>\n<p style=\"text-align: justify;\">A O\u00efcha, dans l\u2019est de la RD Congo, plusieurs dizaines de personnes, pour la plupart des jeunes, ont \u00e9t\u00e9 arr\u00eat\u00e9es le lundi 19 d\u00e9cembre dans la soir\u00e9e apr\u00e8s avoir appel\u00e9 Kabila, usant de sifflets et de casseroles, \u00e0 quitter ses fonctions.<\/p>\n<p style=\"text-align: justify;\">Des activistes locaux de la soci\u00e9t\u00e9 civile ont indiqu\u00e9 \u00e0 HRW\u00a0 que beaucoup d\u2019entre eux avaient \u00e9t\u00e9 maltrait\u00e9s en d\u00e9tention. Enfin de compte, ils ont \u00e9t\u00e9 remis en libert\u00e9\u00a0 le mardi dernier.<\/p>\n<p style=\"text-align: justify;\"><strong>Etat policier<\/strong><\/p>\n<p style=\"text-align: justify;\">Certains habitants de la commune de Ngaba, \u00e0 Kinshasa, qui tentaient de manifester ont \u00e9t\u00e9 rapidement dispers\u00e9s par la police. Dans la commune de Matete, des fouilles porte \u00e0 porte par des militaires ont \u00e9t\u00e9 signal\u00e9es, de m\u00eame que de nombreuses arrestations en l\u2019absence de mandat. Des arrestations avaient \u00e9galement \u00e9t\u00e9 signal\u00e9es dans de nombreuses parties de Kinshasa.<\/p>\n<p style=\"text-align: justify;\">Des manifestations plus petites et des coups de feu sporadiques ont \u00e9t\u00e9 signal\u00e9s \u00e0 Lubumbashi. Mardi dernier, des manifestants ont saccag\u00e9 ou br\u00fbl\u00e9 un certain nombre de locaux gouvernementaux, notamment des \u00e9tablissements de sant\u00e9 et de l\u2019environnement, un tribunal, des postes de police, et un bureau de l\u2019administration locale.<\/p>\n<p style=\"text-align: justify;\">Des stations-service, le \u00ab\u00a0Stade Joseph Kabila\u00a0\u00bb et des v\u00e9hicules priv\u00e9s ont \u00e9galement \u00e9t\u00e9 vis\u00e9s. Human Rights Watch a \u00e9t\u00e9 alert\u00e9e de nombreuses arrestations de jeunes dans les quartiers de G\u00e9camines et de Katuba. La situation est plus calme \u00e0 Lubumbashi, mais la peur est palpable dans cette ville, assurent les activistes locaux.<\/p>\n<p style=\"text-align: justify;\">Dans plusieurs r\u00e9gions du pays, HRW signale des tensions r\u00e9currentes sans que leurs liens avec la crise politique nationale soient clairement \u00e9tablis.<\/p>\n<p>Par GKM<\/p>\n","protected":false},"excerpt":{"rendered":"<p>Human Rights Watch (HRW) a confirm\u00e9 que les forces de s\u00e9curit\u00e9 congolaises ont tu\u00e9 au moins 34 personnes lors des manifestations de mardi 20 d\u00e9cembre dernier, dont 19 \u00e0 Kinshasa, 5 \u00e0 Lubumbashi, 6 \u00e0 Boma et 4 \u00e0 Matadi.\u00a0 \u00abNous avons re\u00e7u un certain nombre d\u2019informations suppl\u00e9mentaires que nous continuons de v\u00e9rifier\u00a0\u00bb a \u00e9crit [&hellip;]<\/p>\n","protected":false},"author":1,"featured_media":15513,"comment_status":"open","ping_status":"open","sticky":false,"template":"","format":"standard","meta":{"footnotes":""},"categories":[134,10],"tags":[],"class_list":["post-18499","post","type-post","status-publish","format-standard","has-post-thumbnail","hentry","category-la-tempete-des-tropiques","category-societe"],"_links":{"self":[{"href":"https:\/\/www.latempete.info\/index.php?rest_route=\/wp\/v2\/posts\/18499"}],"collection":[{"href":"https:\/\/www.latempete.info\/index.php?rest_route=\/wp\/v2\/posts"}],"about":[{"href":"https:\/\/www.latempete.info\/index.php?rest_route=\/wp\/v2\/types\/post"}],"author":[{"embeddable":true,"href":"https:\/\/www.latempete.info\/index.php?rest_route=\/wp\/v2\/users\/1"}],"replies":[{"embeddable":true,"href":"https:\/\/www.latempete.info\/index.php?rest_route=%2Fwp%2Fv2%2Fcomments&post=18499"}],"version-history":[{"count":2,"href":"https:\/\/www.latempete.info\/index.php?rest_route=\/wp\/v2\/posts\/18499\/revisions"}],"predecessor-version":[{"id":18501,"href":"https:\/\/www.latempete.info\/index.php?rest_route=\/wp\/v2\/posts\/18499\/revisions\/18501"}],"wp:featuredmedia":[{"embeddable":true,"href":"https:\/\/www.latempete.info\/index.php?rest_route=\/wp\/v2\/media\/15513"}],"wp:attachment":[{"href":"https:\/\/www.latempete.info\/index.php?rest_route=%2Fwp%2Fv2%2Fmedia&parent=18499"}],"wp:term":[{"taxonomy":"category","embeddable":true,"href":"https:\/\/www.latempete.info\/index.php?rest_route=%2Fwp%2Fv2%2Fcategories&post=18499"},{"taxonomy":"post_tag","embeddable":true,"href":"https:\/\/www.latempete.info\/index.php?rest_route=%2Fwp%2Fv2%2Ftags&post=18499"}],"curies":[{"name":"wp","href":"https:\/\/api.w.org\/{rel}","templated":true}]}}