{"id":18562,"date":"2016-12-29T07:42:22","date_gmt":"2016-12-29T07:42:22","guid":{"rendered":"http:\/\/www.latempete.info\/?p=18562"},"modified":"2016-12-29T07:42:22","modified_gmt":"2016-12-29T07:42:22","slug":"18562-2","status":"publish","type":"post","link":"https:\/\/www.latempete.info\/?p=18562","title":{"rendered":"Face-\u00e0-face ministre des sports-comit\u00e9 ex\u00e9cutif de la FECOFA : Vers la reprise du championnat de la Linafoot"},"content":{"rendered":"<p style=\"text-align: justify;\">Suspendu au lendemain des incidents qui ont \u00e9maill\u00e9 le match Renaissance du Congo-Daring club Motema Pembe de la manche retour de la phase de poules, le championnat 2016-2017 de la Ligue nationale de football est en voie d\u2019\u00eatre repris avant la date fix\u00e9e par D\u00e9nis Kambayi, l\u2019ancien ministre des sports, initiateur de cette mesure.<\/p>\n<p style=\"text-align: justify;\">C\u2019est ce qu\u2019on peut, entre autres, retenir de l\u2019audience que le nouveau patron des sports de ce compartiment du Gouvernement\u00a0 central a accord\u00e9 aux membres du comit\u00e9 ex\u00e9cutif de la F\u00e9d\u00e9ration congolaise de football association le lundi dernier en son cabinet de la commune de la Gombe.<\/p>\n<p style=\"text-align: justify;\">Au sortir de cette r\u00e9union, Jean-Didier Masamba, vice-pr\u00e9sident de la FECOFA et responsable de la d\u00e9l\u00e9gation f\u00e9d\u00e9rale aupr\u00e8s de Willy Bakonga, s\u2019est ainsi exprim\u00e9 devant la presse sur ce point : \u00ab\u00a0Nous\u00a0 avons abord\u00e9 le probl\u00e8me du championnat national.<\/p>\n<p style=\"text-align: justify;\">Il (Ndlr. Le ministre des sports)\u00a0a dit qu\u2019il va prendre\u00a0 les mesures n\u00e9cessaires. Il attend de notre part un petit travail technique\u00a0 que nous devons lui pr\u00e9senter en vue de prendre les d\u00e9cisions qui s\u2019imposent dans l\u2019int\u00e9r\u00eat du championnat et dans l\u2019int\u00e9r\u00eat du football\u00a0\u00bb. Dans l\u2019une de ses innombrables d\u00e9clarations aux m\u00e9dias, le secr\u00e9taire g\u00e9n\u00e9ral aux sports a abond\u00e9 dans le m\u00eame sens. Barth\u00e9lemy Oleko a avanc\u00e9 la date du 3 janvier 2017 pour la reprise.<\/p>\n<p><strong>V.Club\u00a0: reprise des entra\u00eenements ce jeudi<\/strong><\/p>\n<p style=\"text-align: justify;\">C\u2019est s\u00fbrement\u00a0 en\u00a0 pr\u00e9vision de cette r\u00e9ouverture\u00a0 de la Division I que le secr\u00e9tariat de l\u2019Association sportive V.Club de Kinshasa a battu le rappel de tous ses joueurs par la voie d\u2019Esabe, son secr\u00e9taire g\u00e9n\u00e9ral-adjoint. Le responsable de l\u2019administration du club vert et noir a fix\u00e9 \u00e0 ce jeudi 29 d\u00e9cembre le premier entra\u00eenement de la reprise.<\/p>\n<p style=\"text-align: justify;\">Il aura lieu le matin au stade Tata Rapha\u00ebl dans la commune de Kalamu. En l\u2019absence de Florent Ibenge en d\u00e9placement avec l\u2019\u00e9quipe nationale de football, cette s\u00e9ance sera dirig\u00e9e par son adjoint, l\u2019entra\u00eeneur Zico Kiadivuila Kolayi.<\/p>\n<p><strong>Le football congolais \u00e0 vol d\u2019oiseau<\/strong><\/p>\n<p style=\"text-align: justify;\">Outre la question du championnat de la Linafoot, le nouveau ministre des sports et la f\u00e9d\u00e9ration nationale de football ont fait l\u2019\u00e9tat des lieux du football congolais \u00e0 ce jour. Comme l\u2019a expliqu\u00e9 Jean-Didier Masamba\u00a0: \u00ab\u00a0Le ministre a reconnu l\u2019importance de la F\u00e9d\u00e9ration congolaise de football, de la discipline de football, le r\u00f4le jou\u00e9 pour la coh\u00e9sion nationale\u00a0 et son implication pour le d\u00e9veloppement m\u00eame dans le social. Nous avons eu \u00e0 faire l\u2019\u00e9tat des lieux du football congolais \u00e0 ce jour.<\/p>\n<p style=\"text-align: justify;\">Aussi bien sur le rendement au niveau international qu\u2019au niveau national. Le ministre nous a promis de faire face \u00e0 toutes les difficult\u00e9s que nous avons.\u00a0 Sur le plan international, l\u2019urgence actuellement, c\u2019est la CAN.\u00a0\u00a0 Et, pour la CAN, nous allons avoir des s\u00e9ances marathons de mani\u00e8re \u00e0 pouvoir mettre l\u2019\u00e9quipe nationale dans les meilleures conditions\u00a0\u00bb.<\/p>\n<p style=\"text-align: justify;\">Par JC Lomboto<\/p>\n","protected":false},"excerpt":{"rendered":"<p>Suspendu au lendemain des incidents qui ont \u00e9maill\u00e9 le match Renaissance du Congo-Daring club Motema Pembe de la manche retour de la phase de poules, le championnat 2016-2017 de la Ligue nationale de football est en voie d\u2019\u00eatre repris avant la date fix\u00e9e par D\u00e9nis Kambayi, l\u2019ancien ministre des sports, initiateur de cette mesure. C\u2019est [&hellip;]<\/p>\n","protected":false},"author":1,"featured_media":15283,"comment_status":"open","ping_status":"open","sticky":false,"template":"","format":"standard","meta":{"footnotes":""},"categories":[136,43,134,6],"tags":[],"class_list":["post-18562","post","type-post","status-publish","format-standard","has-post-thumbnail","hentry","category-a-la-une","category-foot","category-la-tempete-des-tropiques","category-sport"],"_links":{"self":[{"href":"https:\/\/www.latempete.info\/index.php?rest_route=\/wp\/v2\/posts\/18562"}],"collection":[{"href":"https:\/\/www.latempete.info\/index.php?rest_route=\/wp\/v2\/posts"}],"about":[{"href":"https:\/\/www.latempete.info\/index.php?rest_route=\/wp\/v2\/types\/post"}],"author":[{"embeddable":true,"href":"https:\/\/www.latempete.info\/index.php?rest_route=\/wp\/v2\/users\/1"}],"replies":[{"embeddable":true,"href":"https:\/\/www.latempete.info\/index.php?rest_route=%2Fwp%2Fv2%2Fcomments&post=18562"}],"version-history":[{"count":1,"href":"https:\/\/www.latempete.info\/index.php?rest_route=\/wp\/v2\/posts\/18562\/revisions"}],"predecessor-version":[{"id":18563,"href":"https:\/\/www.latempete.info\/index.php?rest_route=\/wp\/v2\/posts\/18562\/revisions\/18563"}],"wp:featuredmedia":[{"embeddable":true,"href":"https:\/\/www.latempete.info\/index.php?rest_route=\/wp\/v2\/media\/15283"}],"wp:attachment":[{"href":"https:\/\/www.latempete.info\/index.php?rest_route=%2Fwp%2Fv2%2Fmedia&parent=18562"}],"wp:term":[{"taxonomy":"category","embeddable":true,"href":"https:\/\/www.latempete.info\/index.php?rest_route=%2Fwp%2Fv2%2Fcategories&post=18562"},{"taxonomy":"post_tag","embeddable":true,"href":"https:\/\/www.latempete.info\/index.php?rest_route=%2Fwp%2Fv2%2Ftags&post=18562"}],"curies":[{"name":"wp","href":"https:\/\/api.w.org\/{rel}","templated":true}]}}