{"id":18580,"date":"2016-12-29T08:44:31","date_gmt":"2016-12-29T08:44:31","guid":{"rendered":"http:\/\/www.latempete.info\/?p=18580"},"modified":"2016-12-29T08:44:31","modified_gmt":"2016-12-29T08:44:31","slug":"fin-contrat-avec-mazembe-hubert-velud-convole-avec-letoile-du-sahel-de-tunisie","status":"publish","type":"post","link":"https:\/\/www.latempete.info\/?p=18580","title":{"rendered":"Fin contrat avec Mazembe, Hubert Velud convole avec l\u2019Etoile du Sahel de Tunisie"},"content":{"rendered":"<p style=\"text-align: justify;\">Hubert Velud, l\u2019ancien joueur\u00a0 fran\u00e7ais reconverti en entra\u00eeneur,\u00a0 prendra la direction technique de la formation tunisienne de l\u2019Etoile du Sahel \u00e0 partir du 1er janvier 2017. Ce, pour un contrat renouvelable\u00a0 d\u2019une ann\u00e9e et demi. Le technicien est arriv\u00e9 au terme de son mandat avec le Tout Puissant Mazembe de Lubumbashi.<\/p>\n<p style=\"text-align: justify;\">Un contrat qui a couru du 1er janvier\u00a0 et qui se termine ce 31 d\u00e9cembre 2016. Il fait ses valises apr\u00e8s avoir remport\u00e9 avec les Corbeaux de la capitale congolaise du cuivre le troph\u00e9e de la derni\u00e8re \u00e9dition de la Ligue nationale de football ainsi que la Coupe de la Conf\u00e9d\u00e9ration africaine de football.<\/p>\n<p style=\"text-align: justify;\">Il avait succ\u00e9d\u00e9 \u00e0 son compatriote Patrice Carteron. N\u00e9 le 8 juin 1959, Velud a quitt\u00e9 l\u2019aire de jeu pour le banc en 1991.\u00a0 Avant d\u2019atterrir\u00a0 \u00e0 la direction du staff technique du club noir et blanc de la capitale de l\u2019actuelle province du Haut-Katanga, il avait entra\u00een\u00e9 la formation alg\u00e9rienne du Cercle sportif Constantine en 2015.<\/p>\n<p style=\"text-align: justify;\">La direction du Tout Puissant Mazembe a pris acte de son d\u00e9part et lui a souhait\u00e9 bonne chance pour la suite de sa carri\u00e8re. Le nom de son successeur n\u2019est pas encore connu.<\/p>\n<p>Par JC Lomboto<\/p>\n","protected":false},"excerpt":{"rendered":"<p>Hubert Velud, l\u2019ancien joueur\u00a0 fran\u00e7ais reconverti en entra\u00eeneur,\u00a0 prendra la direction technique de la formation tunisienne de l\u2019Etoile du Sahel \u00e0 partir du 1er janvier 2017. Ce, pour un contrat renouvelable\u00a0 d\u2019une ann\u00e9e et demi. Le technicien est arriv\u00e9 au terme de son mandat avec le Tout Puissant Mazembe de Lubumbashi. Un contrat qui a [&hellip;]<\/p>\n","protected":false},"author":1,"featured_media":17192,"comment_status":"open","ping_status":"open","sticky":false,"template":"","format":"standard","meta":{"footnotes":""},"categories":[43,134,6],"tags":[],"class_list":["post-18580","post","type-post","status-publish","format-standard","has-post-thumbnail","hentry","category-foot","category-la-tempete-des-tropiques","category-sport"],"_links":{"self":[{"href":"https:\/\/www.latempete.info\/index.php?rest_route=\/wp\/v2\/posts\/18580"}],"collection":[{"href":"https:\/\/www.latempete.info\/index.php?rest_route=\/wp\/v2\/posts"}],"about":[{"href":"https:\/\/www.latempete.info\/index.php?rest_route=\/wp\/v2\/types\/post"}],"author":[{"embeddable":true,"href":"https:\/\/www.latempete.info\/index.php?rest_route=\/wp\/v2\/users\/1"}],"replies":[{"embeddable":true,"href":"https:\/\/www.latempete.info\/index.php?rest_route=%2Fwp%2Fv2%2Fcomments&post=18580"}],"version-history":[{"count":1,"href":"https:\/\/www.latempete.info\/index.php?rest_route=\/wp\/v2\/posts\/18580\/revisions"}],"predecessor-version":[{"id":18581,"href":"https:\/\/www.latempete.info\/index.php?rest_route=\/wp\/v2\/posts\/18580\/revisions\/18581"}],"wp:featuredmedia":[{"embeddable":true,"href":"https:\/\/www.latempete.info\/index.php?rest_route=\/wp\/v2\/media\/17192"}],"wp:attachment":[{"href":"https:\/\/www.latempete.info\/index.php?rest_route=%2Fwp%2Fv2%2Fmedia&parent=18580"}],"wp:term":[{"taxonomy":"category","embeddable":true,"href":"https:\/\/www.latempete.info\/index.php?rest_route=%2Fwp%2Fv2%2Fcategories&post=18580"},{"taxonomy":"post_tag","embeddable":true,"href":"https:\/\/www.latempete.info\/index.php?rest_route=%2Fwp%2Fv2%2Ftags&post=18580"}],"curies":[{"name":"wp","href":"https:\/\/api.w.org\/{rel}","templated":true}]}}