{"id":18617,"date":"2016-12-30T07:14:36","date_gmt":"2016-12-30T07:14:36","guid":{"rendered":"http:\/\/www.latempete.info\/?p=18617"},"modified":"2016-12-30T07:15:23","modified_gmt":"2016-12-30T07:15:23","slug":"18617-2","status":"publish","type":"post","link":"https:\/\/www.latempete.info\/?p=18617","title":{"rendered":"Vice-Primature en charge de l&rsquo;Int\u00e9rieur et de la s\u00e9curit\u00e9 : LE VPM Shadary s&rsquo;impr\u00e8gne des r\u00e9alit\u00e9s de son minist\u00e8re"},"content":{"rendered":"<p style=\"text-align: justify;\">Apr\u00e8s deux mandats plein s \u00e0 l&rsquo;Assembl\u00e9e Nationale o\u00f9 il a fait preuve d&rsquo;efficacit\u00e9 en dirigeant la commission PAJ et le Groupe parlementaire PPRD et Alli\u00e9s, Emmanuel Ramazani Shadary vient de faire une entr\u00e9e remarqu\u00e9e au Gouvernement central par la volont\u00e9 du Chef de l&rsquo;Etat Joseph Kabila qui\u00a0 vient de le nommer Vice-Premier Ministre et Ministre en charge de l&rsquo;Int\u00e9rieur et de la s\u00e9curit\u00e9 au sein du Gouvernement Samy Badibanga.<\/p>\n<p style=\"text-align: justify;\">Install\u00e9 le 23 d\u00e9cembre 2016 officiellement dans ses nouvelles fonctions au terme d&rsquo;une remise et reprise m\u00e9morable avec le VPM sortant Evariste Boshab, Emmanuel Ramazani Shadary a vite fait de s&rsquo;impr\u00e9gner des r\u00e9alit\u00e9s de cet important minist\u00e8re.<\/p>\n<p style=\"text-align: justify;\">C&rsquo;est dans ce cadre qu&rsquo;il a effectu\u00e9 le 26 d\u00e9cembre 2016 une premi\u00e8re visite dans les diff\u00e9rents services qui composent l&rsquo;administration dudit minist\u00e8re, en compagnie du Vice-ministre Basile Olongo. Politologue de formation, le Nouveau Vice-Premier ministre qui a un sens \u00e9lev\u00e9 d&rsquo;observation a visit\u00e9, \u00e0 cette occasion,\u00a0 le Secr\u00e9tariat g\u00e9n\u00e9ral \u00e0 l&rsquo;Int\u00e9rieur o\u00f9 le SG Mirindi Kiriza s&rsquo;est charg\u00e9 de lui faire visiter les 7 directions qui composent cette administration.<\/p>\n<p style=\"text-align: justify;\">Il s&rsquo;agit notamment des directions du Personnel et des services\u00a0 g\u00e9n\u00e9raux, des Affaires juridiques et administratives, des Affaires publiques, de la Population, des Etudes et Planification, de la Protection civile, et du maintien de l&rsquo;ordre public.<\/p>\n<p style=\"text-align: justify;\">Apr\u00e8s l&rsquo;administration de l&rsquo;Int\u00e9rieur, le VPM E. Shadary et son Vice-ministre\u00a0 se sont ensuite rendu au Secr\u00e9tariat g\u00e9n\u00e9ral aux partis politiques dont la Direction est tenue par M. Okende. Ce dernier s&rsquo;est charg\u00e9 de leur faire visiter cette administration qui comprend 5 directions, notamment les services g\u00e9n\u00e9raux et du personnel, des contacts avec les partis politiques, de documentation et archives, des Etudes et Planification, ainsi que celle de la Formation.<\/p>\n<p style=\"text-align: justify;\">Le VPM Emmanuel Ramazani Shadary et le Vice-ministre ont boucl\u00e9 cette visite guid\u00e9e par\u00a0 l&rsquo;Inspection G\u00e9n\u00e9rale de la\u00a0 territoriale o\u00f9 ils ont eu droit \u00e0 un mot de bienvenu prononc\u00e9 par les Inspecteurs de la territoriale qui leur ont souhait\u00e9 un fructueux mandat \u00e0 la t\u00eate du minist\u00e8re de l&rsquo;Int\u00e9rieur et de la s\u00e9curit\u00e9.<\/p>\n<p style=\"text-align: justify;\">pr\u00e8s cette\u00a0 visite guid\u00e9e, la premi\u00e8re du genre depuis son entr\u00e9e en fonction, le nouveau Vice-Premier ministre est reparti certainement avec une id\u00e9e sur les actions qu&rsquo;il devra entreprendre, pour r\u00e9soudre les difficult\u00e9s auxquelles font face les diff\u00e9rentes directions de son minist\u00e8re.<\/p>\n<p style=\"text-align: justify;\">Par Dieudonn\u00e9 Mbuyi K.<\/p>\n","protected":false},"excerpt":{"rendered":"<p>Apr\u00e8s deux mandats plein s \u00e0 l&rsquo;Assembl\u00e9e Nationale o\u00f9 il a fait preuve d&rsquo;efficacit\u00e9 en dirigeant la commission PAJ et le Groupe parlementaire PPRD et Alli\u00e9s, Emmanuel Ramazani Shadary vient de faire une entr\u00e9e remarqu\u00e9e au Gouvernement central par la volont\u00e9 du Chef de l&rsquo;Etat Joseph Kabila qui\u00a0 vient de le nommer Vice-Premier Ministre et [&hellip;]<\/p>\n","protected":false},"author":1,"featured_media":18618,"comment_status":"open","ping_status":"open","sticky":false,"template":"","format":"standard","meta":{"footnotes":""},"categories":[136,134,130,5],"tags":[],"class_list":["post-18617","post","type-post","status-publish","format-standard","has-post-thumbnail","hentry","category-a-la-une","category-la-tempete-des-tropiques","category-nation","category-politique"],"_links":{"self":[{"href":"https:\/\/www.latempete.info\/index.php?rest_route=\/wp\/v2\/posts\/18617"}],"collection":[{"href":"https:\/\/www.latempete.info\/index.php?rest_route=\/wp\/v2\/posts"}],"about":[{"href":"https:\/\/www.latempete.info\/index.php?rest_route=\/wp\/v2\/types\/post"}],"author":[{"embeddable":true,"href":"https:\/\/www.latempete.info\/index.php?rest_route=\/wp\/v2\/users\/1"}],"replies":[{"embeddable":true,"href":"https:\/\/www.latempete.info\/index.php?rest_route=%2Fwp%2Fv2%2Fcomments&post=18617"}],"version-history":[{"count":1,"href":"https:\/\/www.latempete.info\/index.php?rest_route=\/wp\/v2\/posts\/18617\/revisions"}],"predecessor-version":[{"id":18619,"href":"https:\/\/www.latempete.info\/index.php?rest_route=\/wp\/v2\/posts\/18617\/revisions\/18619"}],"wp:featuredmedia":[{"embeddable":true,"href":"https:\/\/www.latempete.info\/index.php?rest_route=\/wp\/v2\/media\/18618"}],"wp:attachment":[{"href":"https:\/\/www.latempete.info\/index.php?rest_route=%2Fwp%2Fv2%2Fmedia&parent=18617"}],"wp:term":[{"taxonomy":"category","embeddable":true,"href":"https:\/\/www.latempete.info\/index.php?rest_route=%2Fwp%2Fv2%2Fcategories&post=18617"},{"taxonomy":"post_tag","embeddable":true,"href":"https:\/\/www.latempete.info\/index.php?rest_route=%2Fwp%2Fv2%2Ftags&post=18617"}],"curies":[{"name":"wp","href":"https:\/\/api.w.org\/{rel}","templated":true}]}}