{"id":18620,"date":"2016-12-30T07:23:41","date_gmt":"2016-12-30T07:23:41","guid":{"rendered":"http:\/\/www.latempete.info\/?p=18620"},"modified":"2016-12-30T07:23:41","modified_gmt":"2016-12-30T07:23:41","slug":"18620-2","status":"publish","type":"post","link":"https:\/\/www.latempete.info\/?p=18620","title":{"rendered":"Condamn\u00e9 \u00e0 cinq ans de prison ferme : Franck Diongo depuis hier \u00e0 la prison de Makala!"},"content":{"rendered":"<p style=\"text-align: justify;\"><em><strong>L&rsquo;\u00e9lu de Lukunga et pr\u00e9sident national du parti d&rsquo;opposition MLP croupit au local 4 <\/strong><\/em><br \/>\n<em><strong>du pavillon I de l&rsquo;ex-CPRK, alors que son \u00e9tat de sant\u00e9 reste tr\u00e8s critique, selon ses avocats<\/strong><\/em><\/p>\n<p>Comme ses avocats le craignaient d\u00e9j\u00e0, la Cour supr\u00eame de justice (CSJ) a condamn\u00e9 le d\u00e9put\u00e9 national Franck Diongo Shamba\u00a0 \u00e0 5 ans de prison ferme, le mercredi 28 d\u00e9cembre 2016. Un verdict qui risque d&rsquo;avoir des incidences sur la poursuite des n\u00e9gociations directes entre le pouvoir et l&rsquo;opposition qui se tiennent au Centre interdioc\u00e9sain, \u00e0 Kinshasa, sous les auspices de la Conf\u00e9rence \u00e9piscopale nationale du Congo (Cenco).<\/p>\n<p style=\"text-align: justify;\">En attendant que l&rsquo;on soit fix\u00e9 sur ce qu&rsquo;il en sera de la cl\u00f4ture de ces travaux pr\u00e9vue pour ce vendredi 29 d\u00e9cembre, le d\u00e9put\u00e9 de l&rsquo;opposition Franck Diongo est coffr\u00e9 \u00e0 la Prison centrale de Makala, pavillon I local 4 depuis le jeudi 28 d\u00e9cembre.<\/p>\n<p style=\"text-align: justify;\">En effet, apr\u00e8s la sentence prononc\u00e9e par la Cour malgr\u00e9 deux exceptions en inconstitutionnalit\u00e9 soulev\u00e9es par ses avocats, Franck Diongo a aussit\u00f4t pris place \u00e0 bord d&rsquo;une ambulance, le m\u00eame mercredi, pour le ramener \u00e0 la clinique Ngaliema pour des soins, avant d&rsquo;\u00eatre achemin\u00e9 le lendemain \u00e0 l&rsquo;ex Cprk. Joint hier jeudi dans les apr\u00e8s-midi, un de ses avocats l&rsquo;a confirm\u00e9. \u00a0\u00bb nous venons d&rsquo;arriver \u00e0 la Prison centrale de Makala \u00ab\u00a0, a d\u00e9clar\u00e9 l&rsquo;avocat, alors que l&rsquo;\u00e9tat de sant\u00e9 de Franck Diongo inqui\u00e8te.<\/p>\n<p><strong> Cohabitation <\/strong><br \/>\n<strong>\u00a0\u00a0\u00a0\u00a0\u00a0\u00a0\u00a0\u00a0\u00a0 crispation-d\u00e9crispation<\/strong><\/p>\n<p style=\"text-align: justify;\">Au moment o\u00f9 la classe politique se r\u00e9unit au centre interdioc\u00e9sain pour, notamment, la d\u00e9crispation du climat politique en R\u00e9publique d\u00e9mocratique du Congo, en vue de mieux g\u00e9rer la p\u00e9riode du d\u00e9passement du mandat de Joseph Kabila jusqu&rsquo;\u00e0 l&rsquo;organisation des \u00e9lections, on constate malheureu-sement que tout est mis en \u0153uvre pour torpiller la voie du dialogue.<\/p>\n<p style=\"text-align: justify;\">Chaque jour,\u00a0 on assiste \u00e0 Kinshasa \u00e0 des arrestations, mieux, des enl\u00e8vements des jeunes parmi lesquels des membres de mouvements citoyens Lucha et Filimbi, des opposants au r\u00e9gime ainsi que des activistes des droits de l&rsquo;homme qui pr\u00f4nent le respect des textes.<\/p>\n<p style=\"text-align: justify;\">Pas plus tard que mardi 27 d\u00e9cembre, le patriarche Gabriel Kyungu a perdu son immunit\u00e9 pour \u00eatre jug\u00e9 et condamn\u00e9. La justice reproche \u00e0 l&rsquo;ancien pr\u00e9sident de l&rsquo;Assembl\u00e9e provinciale de l&rsquo;ex-province du Katanga d&rsquo;avoir tenu des propos offensants \u00e0 l&rsquo;endroit du pr\u00e9sident de la R\u00e9publique. Le jour suivant, Franck Diongo est condamn\u00e9 \u00e0 cinq ans de prison ferme.<\/p>\n<p style=\"text-align: justify;\">Pendant ce temps, les sept prisonniers \u00a0\u00bb embl\u00e9matiques \u00a0\u00bb dont le Rassemblement de l&rsquo;Opposition r\u00e9clamait la lib\u00e9ration n&rsquo;ont toujours pas quitt\u00e9 leurs cellules, tel que l&rsquo;exigent les d\u00e9l\u00e9gu\u00e9s de l&rsquo;Opposition aux n\u00e9gociations directes.<\/p>\n<p style=\"text-align: justify;\">Pr\u00e9sent mercredi \u00e0 la Cour supr\u00eame de justice pour soutenir Franck Diongo, F\u00e9lix Tshisekedi a d\u00e9clar\u00e9 que \u00a0\u00bb les cas Diongo et Kyungu risquent de compromette la suite des pourparlers du centre interdioc\u00e9sain \u00ab\u00a0. L&rsquo;opinion attend aussi de conna\u00eetre la r\u00e9action des \u00e9lus de la ville de Kinshasa sur le verdict qui condamne leur coll\u00e8gue dont on n&rsquo;a pas lev\u00e9 l&rsquo;immunit\u00e9 parlementaire !<\/p>\n<p style=\"text-align: justify;\">Pour rappel, le d\u00e9put\u00e9 national Diongo Shamba a \u00e9t\u00e9 arr\u00eat\u00e9 le 19 d\u00e9cembre 2016. La plainte d\u00e9pos\u00e9e contre lui \u00e0 la Cour supr\u00eame l&rsquo;accuse d&rsquo;avoir s\u00e9questr\u00e9 et tabass\u00e9 trois \u00e9l\u00e9ments de la Garde R\u00e9publicaine \u00e0 son domicile. Tortur\u00e9 le jour de son arrestation,\u00a0 Diongo a \u00e9t\u00e9 conduit presqu&rsquo;inconscient et ensanglant\u00e9 \u00e0 la clinique Ngaliema avant de comparaitre, en flagrance, devant la Cour supr\u00eame de justice.<\/p>\n<p style=\"text-align: justify;\">C&rsquo;est \u00e0 l&rsquo;audience du 28 d\u00e9cembre, apr\u00e8s celle du 23 d\u00e9cembre, que la Cour l&rsquo;a condamn\u00e9 \u00e0 cinq ans de prison ferme et conduit \u00e0 la prison de Makala, alors que son \u00e9tat de sant\u00e9 reste critique.<\/p>\n<p style=\"text-align: justify;\">Par Stone<\/p>\n","protected":false},"excerpt":{"rendered":"<p>L&rsquo;\u00e9lu de Lukunga et pr\u00e9sident national du parti d&rsquo;opposition MLP croupit au local 4 du pavillon I de l&rsquo;ex-CPRK, alors que son \u00e9tat de sant\u00e9 reste tr\u00e8s critique, selon ses avocats Comme ses avocats le craignaient d\u00e9j\u00e0, la Cour supr\u00eame de justice (CSJ) a condamn\u00e9 le d\u00e9put\u00e9 national Franck Diongo Shamba\u00a0 \u00e0 5 ans de [&hellip;]<\/p>\n","protected":false},"author":1,"featured_media":18567,"comment_status":"open","ping_status":"open","sticky":false,"template":"","format":"standard","meta":{"footnotes":""},"categories":[136,860,134,10],"tags":[],"class_list":["post-18620","post","type-post","status-publish","format-standard","has-post-thumbnail","hentry","category-a-la-une","category-justice","category-la-tempete-des-tropiques","category-societe"],"_links":{"self":[{"href":"https:\/\/www.latempete.info\/index.php?rest_route=\/wp\/v2\/posts\/18620"}],"collection":[{"href":"https:\/\/www.latempete.info\/index.php?rest_route=\/wp\/v2\/posts"}],"about":[{"href":"https:\/\/www.latempete.info\/index.php?rest_route=\/wp\/v2\/types\/post"}],"author":[{"embeddable":true,"href":"https:\/\/www.latempete.info\/index.php?rest_route=\/wp\/v2\/users\/1"}],"replies":[{"embeddable":true,"href":"https:\/\/www.latempete.info\/index.php?rest_route=%2Fwp%2Fv2%2Fcomments&post=18620"}],"version-history":[{"count":1,"href":"https:\/\/www.latempete.info\/index.php?rest_route=\/wp\/v2\/posts\/18620\/revisions"}],"predecessor-version":[{"id":18621,"href":"https:\/\/www.latempete.info\/index.php?rest_route=\/wp\/v2\/posts\/18620\/revisions\/18621"}],"wp:featuredmedia":[{"embeddable":true,"href":"https:\/\/www.latempete.info\/index.php?rest_route=\/wp\/v2\/media\/18567"}],"wp:attachment":[{"href":"https:\/\/www.latempete.info\/index.php?rest_route=%2Fwp%2Fv2%2Fmedia&parent=18620"}],"wp:term":[{"taxonomy":"category","embeddable":true,"href":"https:\/\/www.latempete.info\/index.php?rest_route=%2Fwp%2Fv2%2Fcategories&post=18620"},{"taxonomy":"post_tag","embeddable":true,"href":"https:\/\/www.latempete.info\/index.php?rest_route=%2Fwp%2Fv2%2Ftags&post=18620"}],"curies":[{"name":"wp","href":"https:\/\/api.w.org\/{rel}","templated":true}]}}