{"id":18626,"date":"2016-12-30T08:07:11","date_gmt":"2016-12-30T08:07:11","guid":{"rendered":"http:\/\/www.latempete.info\/?p=18626"},"modified":"2016-12-30T08:07:11","modified_gmt":"2016-12-30T08:07:11","slug":"18626-2","status":"publish","type":"post","link":"https:\/\/www.latempete.info\/?p=18626","title":{"rendered":"Coup de tonnerre dans le camp pro-Badibanga !"},"content":{"rendered":"<p style=\"text-align: justify;\"><em><strong>Quelques signataires de l&rsquo;Accord de Kodjo se d\u00e9solidarisent du Premier ministre nomm\u00e9 par Joseph Kabila et exigent la\u00a0 formation d&rsquo;un Gouvernement v\u00e9ritablement d&rsquo;union nationale apr\u00e8s la signature de l&rsquo;Accord issu du Dialogue conduit par la CENCO <\/strong><\/em><\/p>\n<p>Quelques d\u00e9l\u00e9gu\u00e9s de l&rsquo;Opposition politique signataires de l&rsquo;Accord de la Cit\u00e9 de l&rsquo;Union Africaine (UA) \u00e0 Kinshasa se sont d\u00e9solidaris\u00e9s, jeudi 29 d\u00e9cembre, du 1er Ministre Samy Badibanga Ntita.<\/p>\n<p style=\"text-align: justify;\">Ces participants au Dialogue National tenu \u00e0 la Cit\u00e9 de l&rsquo;UA sous la houlette du m\u00e9diateur Edem Kodjo ont exprim\u00e9 leur antipathie dans une d\u00e9claration politique faite dans la capitale congolaise.<\/p>\n<p style=\"text-align: justify;\">Les signataires de ce document ont, \u00e0 cette occasion, indiqu\u00e9 qu&rsquo;ils soutiennent les efforts de la Conf\u00e9rence Episcopale Nationale du Congo (CENCO) regroupant les \u00e9v\u00eaques de l&rsquo;Eglise catholique en vue d&rsquo;aboutir \u00e0 un accord inclusif, avant la fin de l&rsquo;ann\u00e9e.<\/p>\n<p style=\"text-align: justify;\">Ces acteurs politiques appellent, en outre, les deux parties impliqu\u00e9es dans le Dialogue Inclusif en cours au Centre Interdioc\u00e9sain, \u00e0 savoir les signataires de l&rsquo;Accord du 18 octobre dernier, d&rsquo;une part, et les non signataires membres du Rassemblement et du Front pour le respect de la Constitution, d&rsquo;autre part, \u00e0 respecter scrupuleusement les pr\u00e9alables sur lesquels elles se sont entendues au d\u00e9but de ces nouvelles n\u00e9gociations.<\/p>\n<p style=\"text-align: justify;\">\u00a0\u00bb Ces pr\u00e9alables sont notamment la d\u00e9signation du Premier Ministre qui sera reconnu par tous et la formation d&rsquo;un v\u00e9ritable Gouvernement d&rsquo;union nationale, r\u00e9ellement inclusif, ainsi que le partage de responsabilit\u00e9s, de l&rsquo;ex\u00e9cutif \u00e0 tous les niveaux \u00ab\u00a0, ont-ils rappel\u00e9.<\/p>\n<p style=\"text-align: justify;\">Et de conclure : \u00a0\u00bb Nous demandons, pour des raisons \u00e9thiques, politiques et juridiques explicit\u00e9es dans notre document adress\u00e9 \u00e0 la CENCO, que l&rsquo;accord final et inclusif soit sign\u00e9, pour le compte de l&rsquo;Opposition politique signataire de l&rsquo;Accord de l&rsquo;UA, par des personnalit\u00e9s autres que celles qui sont entr\u00e9es au Gouvernement car, conform\u00e9ment \u00e0 l&rsquo;article 4 de la Loi n\u00b007\/008 du 04 d\u00e9cembre 2007 portant statut de l&rsquo;Opposition politique, on cesse d&rsquo;\u00eatre dans l&rsquo;Opposition une fois entr\u00e9 au Gouvernement. \u00ab\u00a0<\/p>\n<p style=\"text-align: justify;\">Par Asiyeshindwa<\/p>\n","protected":false},"excerpt":{"rendered":"<p>Quelques signataires de l&rsquo;Accord de Kodjo se d\u00e9solidarisent du Premier ministre nomm\u00e9 par Joseph Kabila et exigent la\u00a0 formation d&rsquo;un Gouvernement v\u00e9ritablement d&rsquo;union nationale apr\u00e8s la signature de l&rsquo;Accord issu du Dialogue conduit par la CENCO Quelques d\u00e9l\u00e9gu\u00e9s de l&rsquo;Opposition politique signataires de l&rsquo;Accord de la Cit\u00e9 de l&rsquo;Union Africaine (UA) \u00e0 Kinshasa se sont [&hellip;]<\/p>\n","protected":false},"author":1,"featured_media":18507,"comment_status":"open","ping_status":"open","sticky":false,"template":"","format":"standard","meta":{"footnotes":""},"categories":[136,134,130,5],"tags":[],"class_list":["post-18626","post","type-post","status-publish","format-standard","has-post-thumbnail","hentry","category-a-la-une","category-la-tempete-des-tropiques","category-nation","category-politique"],"_links":{"self":[{"href":"https:\/\/www.latempete.info\/index.php?rest_route=\/wp\/v2\/posts\/18626"}],"collection":[{"href":"https:\/\/www.latempete.info\/index.php?rest_route=\/wp\/v2\/posts"}],"about":[{"href":"https:\/\/www.latempete.info\/index.php?rest_route=\/wp\/v2\/types\/post"}],"author":[{"embeddable":true,"href":"https:\/\/www.latempete.info\/index.php?rest_route=\/wp\/v2\/users\/1"}],"replies":[{"embeddable":true,"href":"https:\/\/www.latempete.info\/index.php?rest_route=%2Fwp%2Fv2%2Fcomments&post=18626"}],"version-history":[{"count":1,"href":"https:\/\/www.latempete.info\/index.php?rest_route=\/wp\/v2\/posts\/18626\/revisions"}],"predecessor-version":[{"id":18627,"href":"https:\/\/www.latempete.info\/index.php?rest_route=\/wp\/v2\/posts\/18626\/revisions\/18627"}],"wp:featuredmedia":[{"embeddable":true,"href":"https:\/\/www.latempete.info\/index.php?rest_route=\/wp\/v2\/media\/18507"}],"wp:attachment":[{"href":"https:\/\/www.latempete.info\/index.php?rest_route=%2Fwp%2Fv2%2Fmedia&parent=18626"}],"wp:term":[{"taxonomy":"category","embeddable":true,"href":"https:\/\/www.latempete.info\/index.php?rest_route=%2Fwp%2Fv2%2Fcategories&post=18626"},{"taxonomy":"post_tag","embeddable":true,"href":"https:\/\/www.latempete.info\/index.php?rest_route=%2Fwp%2Fv2%2Ftags&post=18626"}],"curies":[{"name":"wp","href":"https:\/\/api.w.org\/{rel}","templated":true}]}}