{"id":18691,"date":"2017-01-05T08:30:15","date_gmt":"2017-01-05T08:30:15","guid":{"rendered":"http:\/\/www.latempete.info\/?p=18691"},"modified":"2017-01-05T08:30:15","modified_gmt":"2017-01-05T08:30:15","slug":"18691-2","status":"publish","type":"post","link":"https:\/\/www.latempete.info\/?p=18691","title":{"rendered":"Reprise du championnat de la Division I : La LINAFOOT et les clubs en concertation ce samedi"},"content":{"rendered":"<p style=\"text-align: justify;\">Le si\u00e8ge de la Ligue nationale de football\u00a0 de la commune kinoise de la Gombe servira de cadre, ce samedi sous le coup de 11H30\u2019, \u00e0 la r\u00e9union de concertation entre le comit\u00e9 de gestion de cette instance et les clubs engag\u00e9s \u00e0 la phase de poules de l\u2019actuelle \u00e9dition du championnat national. L\u2019objet de cette r\u00e9union est de discuter des modalit\u00e9s de reprise de ce marathon footballistique du pays \u00e0 plus ou moins trois journ\u00e9es\u00a0 de la fin de cette \u00e9tape de la comp\u00e9tition.<\/p>\n<p style=\"text-align: justify;\">C\u2019est la d\u00e9cision issue de la rencontre entre le comit\u00e9 ex\u00e9cutif de la F\u00e9d\u00e9ration congolaise de football association et les gestionnaires de la Linafoot tenue le mardi dernier au si\u00e8ge f\u00e9d\u00e9ral sise 31 avenue de la Justice \u00e0 Kinshasa. Un face-\u00e0-face dont l\u2019objet a tourn\u00e9 autour\u00a0 de la reprise de la DI d\u00e9cid\u00e9e par le nouveau ministre des sports.<\/p>\n<p style=\"text-align: justify;\">Cette reprise ayant \u00e9t\u00e9 fix\u00e9e au 3 janvier 2017 par une notification du secr\u00e9taire g\u00e9n\u00e9ral aux sports, les deux parties se sont attel\u00e9es d\u2019en discuter la faisabilit\u00e9. T\u00e2che finalement d\u00e9volue au comit\u00e9 Jeef Kapondo charg\u00e9 de r\u00e9gler la question avec les clubs engag\u00e9s qui sont les premiers concern\u00e9s.<\/p>\n<p style=\"text-align: justify;\">Ce week-end donc, l\u2019entit\u00e9 organisatrice du championnat national et les formations participantes discuteront de la date de reprise des matches dans les trois zones de d\u00e9veloppement du football national. Etant donn\u00e9 que la premi\u00e8re fix\u00e9e par la mesure de suspension de la comp\u00e9tition \u00e9tait le 14 janvier. Beaucoup de clubs avaient alors cong\u00e9di\u00e9 leurs\u00a0 joueurs. On tiendra compte absolument du temps de rappel des troupes afin de choisir la date la plus rapproch\u00e9e possible.<\/p>\n<p style=\"text-align: justify;\">Il sera\u00a0 aussi question de prendre des dispositions ad\u00e9quates, avec les\u00a0 clubs soci\u00e9taires, afin de l\u2019encadrement efficace des supporteurs pour \u00e9viter les sc\u00e8nes de violence remarqu\u00e9es au cours des matches et qui sont l\u2019une des raisons majeures avanc\u00e9es pour justifier la sanction de D\u00e9nis Kambayi.<\/p>\n<p style=\"text-align: justify;\">Puisqu\u2019il ne reste, dans l\u2019ensemble, que trois journ\u00e9es \u00e0 faire jouer, la Linafoot a obtenu le feu vert de la FECOFA d\u2019organiser les rencontres m\u00eame pendant le d\u00e9roulement de la phase finale de la Coupe d\u2019Afrique des nations. Quitte \u00e0 \u00e9viter de programmer des rencontres aux jours o\u00f9 les\u00a0 L\u00e9opards livrent leur match.<\/p>\n<p style=\"text-align: justify;\">La nouvelle autorit\u00e9 de tutelle s\u2019est rendu compte de la n\u00e9cessit\u00e9 de ne pas attendre le 14 janvier pour relancer le championnat national de football, comme l\u2019avait impos\u00e9 l\u2019ancien ministre des sports.\u00a0 Quatre \u00e9quipes du pays entrent en lice dans les comp\u00e9titions inter clubs africaines\u00a0 d\u00e9j\u00e0 \u00e0 partir de f\u00e9vrier prochain.\u00a0 Ils ont\u00a0 besoin de suffisamment des matches pour avoir de la comp\u00e9tition dans les jambes.<\/p>\n<p style=\"text-align: justify;\">On rappellera que l\u2019ancien ministre de la jeunesse et des sports avait\u00a0 d\u00e9cid\u00e9 de suspendre le championnat de la Linafoot durant un mois, au lendemain des incidents ayant \u00e9maill\u00e9 le match Renaissance du Congo-Daring club Motema Pembe de la zone ouest. La reprise \u00e9tait alors fix\u00e9e au 14 janvier 2017. Mesure aujourd\u2019hui lev\u00e9e par Willy Bakonga, son successeur.<\/p>\n<p style=\"text-align: justify;\">Par JC Lomboto<\/p>\n","protected":false},"excerpt":{"rendered":"<p>Le si\u00e8ge de la Ligue nationale de football\u00a0 de la commune kinoise de la Gombe servira de cadre, ce samedi sous le coup de 11H30\u2019, \u00e0 la r\u00e9union de concertation entre le comit\u00e9 de gestion de cette instance et les clubs engag\u00e9s \u00e0 la phase de poules de l\u2019actuelle \u00e9dition du championnat national. L\u2019objet de [&hellip;]<\/p>\n","protected":false},"author":1,"featured_media":16952,"comment_status":"open","ping_status":"open","sticky":false,"template":"","format":"standard","meta":{"footnotes":""},"categories":[43,134,6],"tags":[],"class_list":["post-18691","post","type-post","status-publish","format-standard","has-post-thumbnail","hentry","category-foot","category-la-tempete-des-tropiques","category-sport"],"_links":{"self":[{"href":"https:\/\/www.latempete.info\/index.php?rest_route=\/wp\/v2\/posts\/18691"}],"collection":[{"href":"https:\/\/www.latempete.info\/index.php?rest_route=\/wp\/v2\/posts"}],"about":[{"href":"https:\/\/www.latempete.info\/index.php?rest_route=\/wp\/v2\/types\/post"}],"author":[{"embeddable":true,"href":"https:\/\/www.latempete.info\/index.php?rest_route=\/wp\/v2\/users\/1"}],"replies":[{"embeddable":true,"href":"https:\/\/www.latempete.info\/index.php?rest_route=%2Fwp%2Fv2%2Fcomments&post=18691"}],"version-history":[{"count":1,"href":"https:\/\/www.latempete.info\/index.php?rest_route=\/wp\/v2\/posts\/18691\/revisions"}],"predecessor-version":[{"id":18692,"href":"https:\/\/www.latempete.info\/index.php?rest_route=\/wp\/v2\/posts\/18691\/revisions\/18692"}],"wp:featuredmedia":[{"embeddable":true,"href":"https:\/\/www.latempete.info\/index.php?rest_route=\/wp\/v2\/media\/16952"}],"wp:attachment":[{"href":"https:\/\/www.latempete.info\/index.php?rest_route=%2Fwp%2Fv2%2Fmedia&parent=18691"}],"wp:term":[{"taxonomy":"category","embeddable":true,"href":"https:\/\/www.latempete.info\/index.php?rest_route=%2Fwp%2Fv2%2Fcategories&post=18691"},{"taxonomy":"post_tag","embeddable":true,"href":"https:\/\/www.latempete.info\/index.php?rest_route=%2Fwp%2Fv2%2Ftags&post=18691"}],"curies":[{"name":"wp","href":"https:\/\/api.w.org\/{rel}","templated":true}]}}