{"id":19003,"date":"2017-01-25T10:54:30","date_gmt":"2017-01-25T10:54:30","guid":{"rendered":"http:\/\/www.latempete.info\/?p=19003"},"modified":"2017-01-25T10:54:30","modified_gmt":"2017-01-25T10:54:30","slug":"19003-2","status":"publish","type":"post","link":"https:\/\/www.latempete.info\/?p=19003","title":{"rendered":"Trois \u00e9tudiants de l\u2019ABA remportent les prix du concours de peinture du 70\u00e8me anniversaire de l\u2019UNICEF"},"content":{"rendered":"<p style=\"text-align: justify;\">Trois \u00e9tudiants de l\u2019Acad\u00e9mie des Beaux Arts (ABA) ont remport\u00e9 lundi \u00e0 Kinshasa les prix du concours de peinture organis\u00e9 \u00e0 l\u2019occasion de la comm\u00e9moration du 70\u00e8me anniversaire du Fonds des Nations Unies pour l\u2019Enfance (UNICEF). La c\u00e9r\u00e9monie de remise des prix aux laur\u00e9ats de ce concours a marqu\u00e9 aussi la fin de l\u2019exposition photos qui a eu lieu du 10 au 23 janvier 2017 \u00e0 l\u2019Acad\u00e9mie des Beaux-Arts dans le cadre du 70\u00e8me anniversaire de l\u2019UNICEF.<\/p>\n<p style=\"text-align: justify;\">Selon le Directeur G\u00e9n\u00e9ral de l\u2019Acad\u00e9mie des Beaux-Arts (ABA), Henri Kalama Akule, 58 toiles ou tableaux portant sur la situation de l\u2019enfant et de la m\u00e8re, r\u00e9alis\u00e9es par des \u00e9tudiants de l\u2019ABA et des \u00e9l\u00e8ves de l\u2019Institut des Beaux-Arts (\u00e9cole secondaire d\u2019application de l\u2019ABA), ont \u00e9t\u00e9 re\u00e7ues par le jury de 5 personnes comprenant des d\u00e9l\u00e9gu\u00e9s de l\u2019UNICEF, du minist\u00e8re du Genre, Enfant et Famille et de l\u2019ABA. Les trois prix mis en jeu ont \u00e9t\u00e9 remport\u00e9s par trois \u00e9tudiants de l\u2019ABA. Le premier prix a \u00e9t\u00e9 remport\u00e9 par Achille Katemo Kalama, \u00e9tudiant en 2\u00e8me graduat Peinture \u00e0 l\u2019ABA.<\/p>\n<p style=\"text-align: justify;\">Il a r\u00e9alis\u00e9 une toile sur laquelle on aper\u00e7oit un vieux papa qui encadre des enfants et qui met par \u00e9crit ses r\u00e9flexions pour les immortaliser. Le 2\u00e8me prix a \u00e9t\u00e9 d\u00e9cern\u00e9 \u00e0 Oleko Okonde, lui aussi \u00e9tudiant en 2\u00e8me graduat Peinture alors que le 3\u00e8me prix a \u00e9t\u00e9 remis \u00e0 l\u2019\u00e9tudiant Bopuku Mbokolo de 3\u00e8me graduat Peinture \u00e0 l\u2019ABA pour avoir produit des toiles tr\u00e8s int\u00e9ressantes.<\/p>\n<p style=\"text-align: justify;\">Les trois laur\u00e9ats ont re\u00e7u des prix en nature, pr\u00e9cis\u00e9ment des mat\u00e9riels de travail pour exercer l\u2019art de la peinture. Deux \u00e9l\u00e8ves de l\u2019Institut des Beaux-Arts, Mudisho Masirika et Kapesa Kinzanza, ont re\u00e7u des prix d\u2019encouragement pour leurs toiles qui ont retenu l\u2019attention du jury.<\/p>\n<p style=\"text-align: justify;\">Plusieurs activit\u00e9s comm\u00e9moratives du 70\u00e8me anniversaire de l\u2019UNICEF ont eu lieu \u00e0 Kinshasa de novembre 2016 \u00e0 janvier 2017. Selon Mme Adrienne Binuana qui a repr\u00e9sent\u00e9 la secr\u00e9taire g\u00e9n\u00e9rale au minist\u00e8re du Genre, Enfant et Famille, l\u2019exposition photo qui a eu lieu \u00e0 l\u2019ABA du 10 au 23 janvier 2017 a eu pour but de rappeler \u00e0 la communaut\u00e9 nationale les efforts et les interventions humanitaires dans les principaux domaines des droits de l\u2019enfant inscrits dans la Convention internationale relative aux droits de l\u2019enfant.<\/p>\n<p style=\"text-align: justify;\">Ces domaines sont la sant\u00e9, l\u2019alimentation, l\u2019\u00e9ducation, la protection sociale et judiciaire de l\u2019enfant ainsi que la promotion du droit \u00e0 la participation de l\u2019enfant, c.\u00e0.d. une implication de ce dernier dans la prise des d\u00e9cisions le concernant.<\/p>\n<p style=\"text-align: justify;\">Par Norbert Tambwe<\/p>\n","protected":false},"excerpt":{"rendered":"<p>Trois \u00e9tudiants de l\u2019Acad\u00e9mie des Beaux Arts (ABA) ont remport\u00e9 lundi \u00e0 Kinshasa les prix du concours de peinture organis\u00e9 \u00e0 l\u2019occasion de la comm\u00e9moration du 70\u00e8me anniversaire du Fonds des Nations Unies pour l\u2019Enfance (UNICEF). La c\u00e9r\u00e9monie de remise des prix aux laur\u00e9ats de ce concours a marqu\u00e9 aussi la fin de l\u2019exposition photos [&hellip;]<\/p>\n","protected":false},"author":1,"featured_media":0,"comment_status":"open","ping_status":"open","sticky":false,"template":"","format":"standard","meta":{"footnotes":""},"categories":[134,10,919],"tags":[],"class_list":["post-19003","post","type-post","status-publish","format-standard","hentry","category-la-tempete-des-tropiques","category-societe","category-universite"],"_links":{"self":[{"href":"https:\/\/www.latempete.info\/index.php?rest_route=\/wp\/v2\/posts\/19003"}],"collection":[{"href":"https:\/\/www.latempete.info\/index.php?rest_route=\/wp\/v2\/posts"}],"about":[{"href":"https:\/\/www.latempete.info\/index.php?rest_route=\/wp\/v2\/types\/post"}],"author":[{"embeddable":true,"href":"https:\/\/www.latempete.info\/index.php?rest_route=\/wp\/v2\/users\/1"}],"replies":[{"embeddable":true,"href":"https:\/\/www.latempete.info\/index.php?rest_route=%2Fwp%2Fv2%2Fcomments&post=19003"}],"version-history":[{"count":1,"href":"https:\/\/www.latempete.info\/index.php?rest_route=\/wp\/v2\/posts\/19003\/revisions"}],"predecessor-version":[{"id":19004,"href":"https:\/\/www.latempete.info\/index.php?rest_route=\/wp\/v2\/posts\/19003\/revisions\/19004"}],"wp:attachment":[{"href":"https:\/\/www.latempete.info\/index.php?rest_route=%2Fwp%2Fv2%2Fmedia&parent=19003"}],"wp:term":[{"taxonomy":"category","embeddable":true,"href":"https:\/\/www.latempete.info\/index.php?rest_route=%2Fwp%2Fv2%2Fcategories&post=19003"},{"taxonomy":"post_tag","embeddable":true,"href":"https:\/\/www.latempete.info\/index.php?rest_route=%2Fwp%2Fv2%2Ftags&post=19003"}],"curies":[{"name":"wp","href":"https:\/\/api.w.org\/{rel}","templated":true}]}}