{"id":19017,"date":"2017-01-26T08:07:27","date_gmt":"2017-01-26T08:07:27","guid":{"rendered":"http:\/\/www.latempete.info\/?p=19017"},"modified":"2017-01-26T08:07:27","modified_gmt":"2017-01-26T08:07:27","slug":"19017-2","status":"publish","type":"post","link":"https:\/\/www.latempete.info\/?p=19017","title":{"rendered":"Tenue des \u00e9lections et relance de l\u2019\u00e9conomie : La solution propos\u00e9e pour la mobilisation des recettes"},"content":{"rendered":"<p style=\"text-align: justify;\"><em><strong>En plus de l\u2019assainissement, Jonas Tshiombela\u00a0 conseille la diversification de l\u2019\u00e9conomie et l\u2019activation des relations avec la communaut\u00e9 internationale<\/strong><\/em><\/p>\n<p>Une p\u00e9riode de transition est en train d\u2019\u00eatre dessin\u00e9e en R\u00e9publique D\u00e9mocratique du Congo voulue par l\u2019ensemble de la classe politique et la soci\u00e9t\u00e9 civile congolaises conform\u00e9ment \u00e0 l\u2019\u00abAccord politique du 31 d\u00e9cembre 2016\u00bb issue des \u00abn\u00e9gociations politiques directes\u00bb facilit\u00e9es par les Ev\u00eaques de la CENCO (Conf\u00e9rence \u00e9piscopale nationale du Congo).<\/p>\n<p style=\"text-align: justify;\">Une transition d\u2019une ann\u00e9e, soit de janvier \u00e0 d\u00e9cembre 2017, qui est en train d\u00e9j\u00e0 d\u2019\u00eatre entam\u00e9e en ce moment avec les travaux sur \u00abl\u2019Arrangement particulier\u00bb en cours au Centre Interdioc\u00e9sain, dans la commune de la Gombe, \u00e0 Kinshasa, pour g\u00e9rer cette p\u00e9riode de 12 mois.<\/p>\n<p style=\"text-align: justify;\">C\u2019est dans ce cadre qu\u2019un gouvernement doit \u00eatre mis sur pied, et dont les priorit\u00e9s sont la tenue des \u00e9lections et la relance de l\u2019\u00e9conomie du pays qui est dans un \u00e9tat de pr\u00e9carit\u00e9 tr\u00e8s avanc\u00e9es. Comment alors mobiliser les ressources financi\u00e8res pour r\u00e9aliser ce pari difficile en l\u2019espace d\u2019une ann\u00e9e?<\/p>\n<p style=\"text-align: justify;\">Le coordonnateur de la NSCC (Nouvelle Soci\u00e9t\u00e9 Civile du Congo), Jonas Tshiombela, a propos\u00e9 sa \u00abrecette magique\u00bb et a pr\u00e9sent\u00e9 le profil de la personne\u00a0\u00a0 appel\u00e9e \u00e0 diriger le gouvernement pendant la p\u00e9riode de transition.<\/p>\n<p style=\"text-align: justify;\">Une chose est vraie, ce que cet acteur de la soci\u00e9t\u00e9 civile craint ne pas voir l\u2019\u00e9conomie congolaise \u00eatre relanc\u00e9e pendant la p\u00e9riode de transition. Ainsi pour \u00e9viter que les objectifs fix\u00e9s par les travaux de la CENCO pour cette p\u00e9riode de transition ne soient r\u00e9alis\u00e9s, Jonas Tshiombela donne, selon lui, des orientations \u00e0 suivre.<\/p>\n<p><strong>Mesures d\u2019assainissement<\/strong><\/p>\n<p style=\"text-align: justify;\">D\u2019entr\u00e9e de jeu, il faut prendre, en premier lieu, des mesures d\u2019assainissement afin de cadrer la chute, \u00e0 l\u2019heure, du franc congolais qui ne cesse de baisser pavillon face aux devises \u00e9trang\u00e8res, a dit le coordonnateur Tshiombela,\u00a0 craignant de voir l\u2019inflation de la monnaie nationale se poursuivre.<\/p>\n<p style=\"text-align: justify;\">Il faut, en outre, diversifier l\u2019\u00e9conomie. Ce que les institutions de Bretton Woods, comme la Banque mondiale, ont toujours sugg\u00e9r\u00e9 au gouvernement congolais. Surtout que l\u2019\u00e9conomie congolaise a toujours \u00e9t\u00e9 bas\u00e9e sur les mati\u00e8res premi\u00e8res, dont les cours sont en baisse pour le moment au niveau international.<\/p>\n<p style=\"text-align: justify;\">Pour cet acteur de la soci\u00e9t\u00e9 civile, l\u2019Etat doit s\u2019appuyer sur plusieurs secteurs importants pour relancer son \u00e9conomie. Cela, non pas seulement pour mobiliser les recettes qui vont permettre l\u2019organisation des \u00e9lections dans le d\u00e9lai fix\u00e9, mais aussi permettre la survie de la population ainsi que d\u2019assurer la s\u00e9curit\u00e9 territoriale du pays.\u00a0 \u00abCe sont-l\u00e0 des aspects importants: les \u00e9lections, le social et la d\u00e9fense des territoires pour le gouvernement voulu conform\u00e9ment \u00e0 l\u2019Accord politique de la Saint Sylvestre\u00bb, a-t-il soutenu.<\/p>\n<p style=\"text-align: justify;\">Jonas Tshiombela a relev\u00e9 une autre proposition pour r\u00e9ussir les objectifs fix\u00e9s pendant la p\u00e9riode de transition, celle d\u2019activer les relations avec la communaut\u00e9 internationale afin d\u2019assister le pays dans la tenue des \u00e9lections, mais aussi sur le plan \u00e9conomique. Cette communaut\u00e9 internationale qui a toujours \u00e9t\u00e9 d\u2019un apport important pour la RD Congo.<\/p>\n<p><strong>Le politique congolais impr\u00e9visible!<\/strong><\/p>\n<p style=\"text-align: justify;\">Aussi pour le coordonnateur de la NSCC, \u00abl\u2019homme politique\u00bb constitue lui-m\u00eame le probl\u00e8me dans la gestion de la chose publique. Il est impr\u00e9visible. Il risque de mobiliser les fonds non pas pour la situation du pays, mais pour ses propres int\u00e9r\u00eats, pour sa propre campagne \u00e9lectorale. C\u2019est ainsi qu\u2019\u00e0 la NSCC, un \u00abFront pour la surveillance et le contr\u00f4le citoyen de transition\u00bb a \u00e9t\u00e9 mis en place. L\u2019objectif est donc de surveiller les acteurs politiques congolais pendant la transition de mani\u00e8re que les fonds affect\u00e9s aux \u00e9lections et au social de la population le soient bien r\u00e9ellement.<\/p>\n<p><strong>Timing imparti pour mobiliser les fonds<\/strong><\/p>\n<p style=\"text-align: justify;\">Il se pose, par ailleurs, un autre probl\u00e8me de timing fix\u00e9 pour la mobilisation des recettes afin de proc\u00e9der, \u00e0 la fois, \u00e0 l\u2019organisation des \u00e9lections et \u00e0 la relance de l\u2019\u00e9conomie. Jonas Tshiombela a parl\u00e9 plus de la \u00abvolont\u00e9 politique\u00bb qui permettra d\u2019obtenir les bons r\u00e9sultats.<\/p>\n<p style=\"text-align: justify;\">A cela, il faut associer la communaut\u00e9 internationale qui va contribuer dans l\u2019encadrement des ressources financi\u00e8res qui doivent \u00eatre g\u00e9r\u00e9es de mani\u00e8re optimale, dans le respect des r\u00e8gles de bonnes pratiques pour arriver aux objectifs assign\u00e9s dans l\u2019accord de la CENCO. Il regrette cependant que le timing fix\u00e9 soit d\u00e9j\u00e0 entam\u00e9 sans mettre en place les institutions qui doivent assurer la transition.<\/p>\n<p style=\"text-align: justify;\">Le num\u00e9ro de la NSCC d\u00e9plore l\u2019\u00abincise\u00bb dans l\u2019Accord relative \u00e0 une \u00e9ventuelle prolongation en cas o\u00f9 le d\u00e9lai imparti n\u2019est pas tenu. Il d\u00e9nonce les diff\u00e9rentes tergiversations jusqu\u2019\u00e0 ces jours du fait de leur\u00a0 r\u00e9percussion\u00a0 sur le timing imparti. \u00abC\u2019est qui est dangereux\u00bb, a sonn\u00e9 la sonnette d\u2019alarme cet acteur de la soci\u00e9t\u00e9 civile.<\/p>\n<p><strong>Profil d\u2019animateur de la transition<\/strong><\/p>\n<p style=\"text-align: justify;\">Jonas Tshiombela a pr\u00e9sent\u00e9 le profil de l\u2019animateur de la transition, soit le Premier ministre appel\u00e9 \u00e0 diriger le gouvernement pendant la transition, m\u00eame les membres de cet ex\u00e9cutif national. Le prochain animateur du gouvernement de la transition, selon le coordonnateur de la NSCC, \u00ab doit \u00eatre un homme r\u00e9ellement libre, neutre, avoir un esprit d\u2019ouverture, \u00eatre ind\u00e9pendant, intelligent et politique pour g\u00e9rer une transition qui va \u00eatre politique!\u00bb.<\/p>\n<p style=\"text-align: justify;\">Il faut que cette personne soit accept\u00e9e dans les deux camps politiques de la Majorit\u00e9 et de l\u2019Opposition. C\u2019est qui est pareil pour son \u00e9quipe. Bien qu\u2019il ait fix\u00e9 le profil pour l\u2019animateur du gouvernement de la transition, le coordonnateur de la NSCC, Jonas Tshiombela,\u00a0 donne moins de\u00a0 chance \u00e0 la relance \u00e9conomique congolaise pendant la\u00a0 p\u00e9riode de transition.<\/p>\n<p style=\"text-align: justify;\">Par Lucien Kazadi T.<\/p>\n","protected":false},"excerpt":{"rendered":"<p>En plus de l\u2019assainissement, Jonas Tshiombela\u00a0 conseille la diversification de l\u2019\u00e9conomie et l\u2019activation des relations avec la communaut\u00e9 internationale Une p\u00e9riode de transition est en train d\u2019\u00eatre dessin\u00e9e en R\u00e9publique D\u00e9mocratique du Congo voulue par l\u2019ensemble de la classe politique et la soci\u00e9t\u00e9 civile congolaises conform\u00e9ment \u00e0 l\u2019\u00abAccord politique du 31 d\u00e9cembre 2016\u00bb issue des [&hellip;]<\/p>\n","protected":false},"author":1,"featured_media":19018,"comment_status":"open","ping_status":"open","sticky":false,"template":"","format":"standard","meta":{"footnotes":""},"categories":[136,120,7,134],"tags":[],"class_list":["post-19017","post","type-post","status-publish","format-standard","has-post-thumbnail","hentry","category-a-la-une","category-banque-finance","category-economie","category-la-tempete-des-tropiques"],"_links":{"self":[{"href":"https:\/\/www.latempete.info\/index.php?rest_route=\/wp\/v2\/posts\/19017"}],"collection":[{"href":"https:\/\/www.latempete.info\/index.php?rest_route=\/wp\/v2\/posts"}],"about":[{"href":"https:\/\/www.latempete.info\/index.php?rest_route=\/wp\/v2\/types\/post"}],"author":[{"embeddable":true,"href":"https:\/\/www.latempete.info\/index.php?rest_route=\/wp\/v2\/users\/1"}],"replies":[{"embeddable":true,"href":"https:\/\/www.latempete.info\/index.php?rest_route=%2Fwp%2Fv2%2Fcomments&post=19017"}],"version-history":[{"count":1,"href":"https:\/\/www.latempete.info\/index.php?rest_route=\/wp\/v2\/posts\/19017\/revisions"}],"predecessor-version":[{"id":19019,"href":"https:\/\/www.latempete.info\/index.php?rest_route=\/wp\/v2\/posts\/19017\/revisions\/19019"}],"wp:featuredmedia":[{"embeddable":true,"href":"https:\/\/www.latempete.info\/index.php?rest_route=\/wp\/v2\/media\/19018"}],"wp:attachment":[{"href":"https:\/\/www.latempete.info\/index.php?rest_route=%2Fwp%2Fv2%2Fmedia&parent=19017"}],"wp:term":[{"taxonomy":"category","embeddable":true,"href":"https:\/\/www.latempete.info\/index.php?rest_route=%2Fwp%2Fv2%2Fcategories&post=19017"},{"taxonomy":"post_tag","embeddable":true,"href":"https:\/\/www.latempete.info\/index.php?rest_route=%2Fwp%2Fv2%2Ftags&post=19017"}],"curies":[{"name":"wp","href":"https:\/\/api.w.org\/{rel}","templated":true}]}}