{"id":19020,"date":"2017-01-26T08:13:53","date_gmt":"2017-01-26T08:13:53","guid":{"rendered":"http:\/\/www.latempete.info\/?p=19020"},"modified":"2017-01-26T08:13:53","modified_gmt":"2017-01-26T08:13:53","slug":"19020-2","status":"publish","type":"post","link":"https:\/\/www.latempete.info\/?p=19020","title":{"rendered":"Samy Badibanga devant la FEC : La croissance \u00e9conomique doit permettre de financer les \u00e9lections"},"content":{"rendered":"<p style=\"text-align: justify;\">La croissance \u00e9conomique doit permettre de financer les \u00e9lections qui contribueront \u00e0 consolider nos institutions, notre d\u00e9mocratie et l\u2019Etat de droit, d\u00e9clare le Premier Ministre.<\/p>\n<p style=\"text-align: justify;\">La F\u00e9d\u00e9ration des Entreprises du Congo est plus que jamais d\u00e9termin\u00e9e \u00e0 apporter son soutien au gouvernement Badibanga. Pr\u00e9sent \u00e0 la traditionnelle c\u00e9r\u00e9monie d\u2019\u00e9change de v\u0153ux de la FEC, le Chef du Gouvernement a rassur\u00e9 le patronat congolais sur sa collaboration avec la FEC, en vue de relancer les activit\u00e9s \u00e9conomiques par des mesures fortes qui doivent permettre de cr\u00e9er une croissance durable et inclusive.<\/p>\n<p style=\"text-align: justify;\">Pour le Premier Ministre, la croissance \u00e9conomique permettra de r\u00e9pondre \u00e0 l\u2019urgence sociale de la population.<br \/>\nS\u2019adressant directement \u00e0 la FEC consid\u00e9r\u00e9e comme partenaire privil\u00e9gi\u00e9 du Gouvernement, le Premier Ministre a insist\u00e9 sur l\u2019am\u00e9lioration du climat des affaires qui doit \u00eatre une priorit\u00e9 et qui ne peut se r\u00e9aliser que si le Gouvernement et les entreprises du Congo travaillent main dans la main.<\/p>\n<p style=\"text-align: justify;\">D\u00e9termin\u00e9 \u00e0 servir son pays, Samy Badibanga Ntita a fait part de son engagement et sa disponibilit\u00e9 de construire les conditions d\u2019une croissance inclusive, la croissance pour tous. Le Premier ministre reste profond\u00e9ment convaincu que l\u2019Etat doit \u00eatre un facilitateur, accompagnateur, producteur de l\u2019investissement et de la diversification de l\u2019\u00e9conomie.<\/p>\n<p style=\"text-align: justify;\">D\u2019o\u00f9, a-t-il ajout\u00e9, l\u2019action du Gouvernement sera concentr\u00e9e sur l\u2019agriculture, le secteur minier, l\u2019industrie et l\u2019\u00e9nergie. Il a par ailleurs annonc\u00e9 \u00e0 ce sujet l\u2019ouverture par la Banque centrale du Congo d\u2019un cr\u00e9dit de 500 millions de dollars am\u00e9ricains en vue de financer les projets agricoles.<\/p>\n<p>Source\u00a0:La Primature<\/p>\n","protected":false},"excerpt":{"rendered":"<p>La croissance \u00e9conomique doit permettre de financer les \u00e9lections qui contribueront \u00e0 consolider nos institutions, notre d\u00e9mocratie et l\u2019Etat de droit, d\u00e9clare le Premier Ministre. La F\u00e9d\u00e9ration des Entreprises du Congo est plus que jamais d\u00e9termin\u00e9e \u00e0 apporter son soutien au gouvernement Badibanga. Pr\u00e9sent \u00e0 la traditionnelle c\u00e9r\u00e9monie d\u2019\u00e9change de v\u0153ux de la FEC, le [&hellip;]<\/p>\n","protected":false},"author":1,"featured_media":19021,"comment_status":"open","ping_status":"open","sticky":false,"template":"","format":"standard","meta":{"footnotes":""},"categories":[120,7,134],"tags":[],"class_list":["post-19020","post","type-post","status-publish","format-standard","has-post-thumbnail","hentry","category-banque-finance","category-economie","category-la-tempete-des-tropiques"],"_links":{"self":[{"href":"https:\/\/www.latempete.info\/index.php?rest_route=\/wp\/v2\/posts\/19020"}],"collection":[{"href":"https:\/\/www.latempete.info\/index.php?rest_route=\/wp\/v2\/posts"}],"about":[{"href":"https:\/\/www.latempete.info\/index.php?rest_route=\/wp\/v2\/types\/post"}],"author":[{"embeddable":true,"href":"https:\/\/www.latempete.info\/index.php?rest_route=\/wp\/v2\/users\/1"}],"replies":[{"embeddable":true,"href":"https:\/\/www.latempete.info\/index.php?rest_route=%2Fwp%2Fv2%2Fcomments&post=19020"}],"version-history":[{"count":1,"href":"https:\/\/www.latempete.info\/index.php?rest_route=\/wp\/v2\/posts\/19020\/revisions"}],"predecessor-version":[{"id":19022,"href":"https:\/\/www.latempete.info\/index.php?rest_route=\/wp\/v2\/posts\/19020\/revisions\/19022"}],"wp:featuredmedia":[{"embeddable":true,"href":"https:\/\/www.latempete.info\/index.php?rest_route=\/wp\/v2\/media\/19021"}],"wp:attachment":[{"href":"https:\/\/www.latempete.info\/index.php?rest_route=%2Fwp%2Fv2%2Fmedia&parent=19020"}],"wp:term":[{"taxonomy":"category","embeddable":true,"href":"https:\/\/www.latempete.info\/index.php?rest_route=%2Fwp%2Fv2%2Fcategories&post=19020"},{"taxonomy":"post_tag","embeddable":true,"href":"https:\/\/www.latempete.info\/index.php?rest_route=%2Fwp%2Fv2%2Ftags&post=19020"}],"curies":[{"name":"wp","href":"https:\/\/api.w.org\/{rel}","templated":true}]}}