{"id":19665,"date":"2017-02-22T09:15:29","date_gmt":"2017-02-22T09:15:29","guid":{"rendered":"http:\/\/www.latempete.info\/?p=19665"},"modified":"2017-02-22T09:15:29","modified_gmt":"2017-02-22T09:15:29","slug":"grande-exposition-doeuvres-darts-congolaises-les-mayemba-pere-et-fils-ont-expose-au-pullman-kinshasa-grand-hotel","status":"publish","type":"post","link":"https:\/\/www.latempete.info\/?p=19665","title":{"rendered":"Grande exposition d&rsquo;\u0153uvres d&rsquo;arts congolaises : Les Mayemba, p\u00e8re et fils ont expos\u00e9 au Pullman Kinshasa Grand H\u00f4tel"},"content":{"rendered":"<p style=\"text-align: justify;\">Le vernissage des \u0153uvres\u00a0 congolaises d&rsquo;art de Fran\u00e7ois\u00a0 Mayemba Nzekele\u00a0 et de ses deux fils Lukau-Tendi Cojack et Pathy Mayemba a eu lieu le Weekend dernier au Pullman Kinshasa Grand H\u00f4tel. Une grande exposition comme jamais cet \u00e9tablissement h\u00f4telier\u00a0 n&rsquo;en a organis\u00e9 !<\/p>\n<p style=\"text-align: justify;\">A l&rsquo;affiche,\u00a0 60 tableaux et trois artistes-peintres\u00a0 exposants : le p\u00e8re, Fran\u00e7ois Mayemba Nzekele, 38 ans d&rsquo;exp\u00e9rience professionnelle non stop et ses deux fils, initi\u00e9s tr\u00e8s t\u00f4t \u00e0 cet art, trainant tous deux une vingtaine d&rsquo;ann\u00e9es d&rsquo;exp\u00e9rience. Style : congolais, le collage-librisme.<\/p>\n<p style=\"text-align: justify;\">D\u00e9couvert par madame Corinne,\u00a0 dans leurs ateliers du village des artistes du Zoo, leur style, typiquement congolais, le Collage-librisme, avait vivement retenu l&rsquo;attention de Mme Corinne qui avait fini de les s\u00e9lectionner pour une exposition de plus ou moins un mois\u00a0 au Pullman Kinshasa Grand H\u00f4tel\u00a0 en date du jeudi 16 f\u00e9vrier 2017.<\/p>\n<p><strong>L&rsquo;honneur au g\u00e9nie artistique cr\u00e9ateur congolais<\/strong><\/p>\n<p style=\"text-align: justify;\">Comme les organisateurs de cette exposition l&rsquo;ont reconnu, cette exposition fait honneur au g\u00e9nie artistique\u00a0 cr\u00e9ateur congolais. Fran\u00e7ois\u00a0 Mayemba, qui peint depuis 1969, brille de mille feux par sa cr\u00e9ativit\u00e9 artistique. Pour casser la monotonie, il a embrass\u00e9 le collage-librisme. Sa sp\u00e9cificit\u00e9 est qu&rsquo;il recourt aux fibres\u00a0 de baobab, aux raphias\u00a0 et aux\u00a0 morceaux de pagne pour coller.<\/p>\n<p style=\"text-align: justify;\">Originaire du Kongo central, territoire de Madimba et p\u00e8re de dix enfants,\u00a0 tous en vie, dont deux peintres majeurs qui exposent avec lui. Cet homme n&rsquo;a jamais travaill\u00e9 dans une soci\u00e9t\u00e9 quelconque, si ce n&rsquo;est comme peintre.\u00a0\u00a0\u00a0 C&rsquo;est un des monstres sacr\u00e9s de la peinture contemporaine congolaise.<\/p>\n<p style=\"text-align: justify;\">Parmi les tableaux expos\u00e9s, certains ont captiv\u00e9 l&rsquo;attention du public notamment ceux aux th\u00e8mes li\u00e9s \u00e0 la femme congolaise,\u00a0\u00a0\u00a0\u00a0 \u00e9tant donn\u00e9 que l&rsquo;exposition se tient \u00e0 une semaine du mois de la femme (Mars) : \u00a0\u00bb Femmes au March\u00e9 \u00ab\u00a0, \u00a0\u00bb Femmes entreprenantes \u00ab\u00a0, \u00a0\u00bb Femmes travailleuses \u00ab\u00a0, \u00a0\u00bb Recherche de la vie \u00ab\u00a0, \u00a0\u00bb Consolation \u00ab\u00a0, etc. Le p\u00e8re dira pour conclure : \u00a0\u00bb l&rsquo;image d&rsquo;un bassin sur la t\u00e8te d&rsquo;une congolaise d\u00e9crit cette incroyable r\u00e9alit\u00e9 capable que la congolaise a elle seule est devenue toute une soci\u00e9t\u00e9 capable de faire toute la famille \u00ab\u00a0.<\/p>\n<p style=\"text-align: justify;\">Par G.O<\/p>\n","protected":false},"excerpt":{"rendered":"<p>Le vernissage des \u0153uvres\u00a0 congolaises d&rsquo;art de Fran\u00e7ois\u00a0 Mayemba Nzekele\u00a0 et de ses deux fils Lukau-Tendi Cojack et Pathy Mayemba a eu lieu le Weekend dernier au Pullman Kinshasa Grand H\u00f4tel. Une grande exposition comme jamais cet \u00e9tablissement h\u00f4telier\u00a0 n&rsquo;en a organis\u00e9 ! A l&rsquo;affiche,\u00a0 60 tableaux et trois artistes-peintres\u00a0 exposants : le p\u00e8re, Fran\u00e7ois [&hellip;]<\/p>\n","protected":false},"author":1,"featured_media":19666,"comment_status":"open","ping_status":"open","sticky":false,"template":"","format":"standard","meta":{"footnotes":""},"categories":[8,125,134],"tags":[],"class_list":["post-19665","post","type-post","status-publish","format-standard","has-post-thumbnail","hentry","category-culture-media","category-expo","category-la-tempete-des-tropiques"],"_links":{"self":[{"href":"https:\/\/www.latempete.info\/index.php?rest_route=\/wp\/v2\/posts\/19665"}],"collection":[{"href":"https:\/\/www.latempete.info\/index.php?rest_route=\/wp\/v2\/posts"}],"about":[{"href":"https:\/\/www.latempete.info\/index.php?rest_route=\/wp\/v2\/types\/post"}],"author":[{"embeddable":true,"href":"https:\/\/www.latempete.info\/index.php?rest_route=\/wp\/v2\/users\/1"}],"replies":[{"embeddable":true,"href":"https:\/\/www.latempete.info\/index.php?rest_route=%2Fwp%2Fv2%2Fcomments&post=19665"}],"version-history":[{"count":1,"href":"https:\/\/www.latempete.info\/index.php?rest_route=\/wp\/v2\/posts\/19665\/revisions"}],"predecessor-version":[{"id":19667,"href":"https:\/\/www.latempete.info\/index.php?rest_route=\/wp\/v2\/posts\/19665\/revisions\/19667"}],"wp:featuredmedia":[{"embeddable":true,"href":"https:\/\/www.latempete.info\/index.php?rest_route=\/wp\/v2\/media\/19666"}],"wp:attachment":[{"href":"https:\/\/www.latempete.info\/index.php?rest_route=%2Fwp%2Fv2%2Fmedia&parent=19665"}],"wp:term":[{"taxonomy":"category","embeddable":true,"href":"https:\/\/www.latempete.info\/index.php?rest_route=%2Fwp%2Fv2%2Fcategories&post=19665"},{"taxonomy":"post_tag","embeddable":true,"href":"https:\/\/www.latempete.info\/index.php?rest_route=%2Fwp%2Fv2%2Ftags&post=19665"}],"curies":[{"name":"wp","href":"https:\/\/api.w.org\/{rel}","templated":true}]}}