{"id":19962,"date":"2017-03-06T09:20:58","date_gmt":"2017-03-06T09:20:58","guid":{"rendered":"http:\/\/www.latempete.info\/?p=19962"},"modified":"2017-03-06T09:20:58","modified_gmt":"2017-03-06T09:20:58","slug":"19962-2","status":"publish","type":"post","link":"https:\/\/www.latempete.info\/?p=19962","title":{"rendered":"Le p\u00e8re de la c\u00e9ramique congolaise moderne inhum\u00e9 hier dimanche : Maitre Ignace Bamba Ndombasi  Kufimba a \u0153uvr\u00e9 toute sa vie pour promouvoir son art"},"content":{"rendered":"<p style=\"text-align: justify;\">Maitre Ignace Bamba Ndombasi Kufimba a \u00e9t\u00e9 port\u00e9 inhum\u00e9 hier dimanche 5 mars \u00e0 la n\u00e9cropole entre terre et ciel. D\u00e9c\u00e9d\u00e9 le 23 f\u00e9vrier de cette ann\u00e9e \u00e0 la clinique Ngaliema, il laisse un vide \u00e9norme dans le milieu de la c\u00e9ramique, dont il a initi\u00e9 la modernisation de la pratique en RD Congo.<\/p>\n<p style=\"text-align: justify;\">Ainsi, selon le directeur g\u00e9n\u00e9ral honoraire de l\u2019Acad\u00e9mie des Beaux Arts de Kinshasa (ABA), Patrick Missassi, le disparu a \u00e9t\u00e9 le plus ancien enseignant de cette \u00e9cole, o\u00f9 il a commenc\u00e9 \u00e0 dispenser son avoir d\u00e8s 1962, apr\u00e8s le d\u00e9part des professeurs occidentaux.<\/p>\n<p style=\"text-align: justify;\">L\u2019homme a relev\u00e9 qu\u2019Ignace Bamba Ndombasi Kufimba a r\u00e9dig\u00e9 une dizaine d\u2019ouvrages relatifs \u00e0 l\u2019ABA, notamment son d\u00e9partement de la c\u00e9ramique, dont le dernier, paru en f\u00e9vrier de cette ann\u00e9e, avait trait aux 20 ans de l\u2019Acad\u00e9mie des Beaux Arts. Il a aussi \u00e9crit des biographies d\u2019artistes.<\/p>\n<p style=\"text-align: justify;\">Le secr\u00e9taire g\u00e9n\u00e9ral de l\u2019ABA, Charles Mbengo Nzeza, a signal\u00e9 que le d\u00e9funt \u00e9tait une tr\u00e8s grande r\u00e9f\u00e9rence intellectuelle. Il a r\u00e9v\u00e9l\u00e9 que Bamba Ndombasi \u00e9tait malade depuis plusieurs ann\u00e9es mais que malgr\u00e9 son \u00e9tat, il continuait \u00e0 travailler, disant vouloir mourir \u00ab\u00a0les armes \u00e0 la main\u00a0\u00bb.<\/p>\n<p style=\"text-align: justify;\">Par Yves Mitondo<\/p>\n","protected":false},"excerpt":{"rendered":"<p>Maitre Ignace Bamba Ndombasi Kufimba a \u00e9t\u00e9 port\u00e9 inhum\u00e9 hier dimanche 5 mars \u00e0 la n\u00e9cropole entre terre et ciel. D\u00e9c\u00e9d\u00e9 le 23 f\u00e9vrier de cette ann\u00e9e \u00e0 la clinique Ngaliema, il laisse un vide \u00e9norme dans le milieu de la c\u00e9ramique, dont il a initi\u00e9 la modernisation de la pratique en RD Congo. Ainsi, [&hellip;]<\/p>\n","protected":false},"author":1,"featured_media":19963,"comment_status":"open","ping_status":"open","sticky":false,"template":"","format":"standard","meta":{"footnotes":""},"categories":[8,125,134],"tags":[],"class_list":["post-19962","post","type-post","status-publish","format-standard","has-post-thumbnail","hentry","category-culture-media","category-expo","category-la-tempete-des-tropiques"],"_links":{"self":[{"href":"https:\/\/www.latempete.info\/index.php?rest_route=\/wp\/v2\/posts\/19962"}],"collection":[{"href":"https:\/\/www.latempete.info\/index.php?rest_route=\/wp\/v2\/posts"}],"about":[{"href":"https:\/\/www.latempete.info\/index.php?rest_route=\/wp\/v2\/types\/post"}],"author":[{"embeddable":true,"href":"https:\/\/www.latempete.info\/index.php?rest_route=\/wp\/v2\/users\/1"}],"replies":[{"embeddable":true,"href":"https:\/\/www.latempete.info\/index.php?rest_route=%2Fwp%2Fv2%2Fcomments&post=19962"}],"version-history":[{"count":1,"href":"https:\/\/www.latempete.info\/index.php?rest_route=\/wp\/v2\/posts\/19962\/revisions"}],"predecessor-version":[{"id":19964,"href":"https:\/\/www.latempete.info\/index.php?rest_route=\/wp\/v2\/posts\/19962\/revisions\/19964"}],"wp:featuredmedia":[{"embeddable":true,"href":"https:\/\/www.latempete.info\/index.php?rest_route=\/wp\/v2\/media\/19963"}],"wp:attachment":[{"href":"https:\/\/www.latempete.info\/index.php?rest_route=%2Fwp%2Fv2%2Fmedia&parent=19962"}],"wp:term":[{"taxonomy":"category","embeddable":true,"href":"https:\/\/www.latempete.info\/index.php?rest_route=%2Fwp%2Fv2%2Fcategories&post=19962"},{"taxonomy":"post_tag","embeddable":true,"href":"https:\/\/www.latempete.info\/index.php?rest_route=%2Fwp%2Fv2%2Ftags&post=19962"}],"curies":[{"name":"wp","href":"https:\/\/api.w.org\/{rel}","templated":true}]}}