{"id":20052,"date":"2017-03-08T09:25:44","date_gmt":"2017-03-08T09:25:44","guid":{"rendered":"http:\/\/www.latempete.info\/?p=20052"},"modified":"2017-03-08T09:25:44","modified_gmt":"2017-03-08T09:25:44","slug":"20052-2","status":"publish","type":"post","link":"https:\/\/www.latempete.info\/?p=20052","title":{"rendered":"Les \u00e9tudiants de l\u2019Unikin sensibilis\u00e9s sur la conservation de la nature"},"content":{"rendered":"<p style=\"text-align: justify;\">L\u2019Universit\u00e9 de Kinshasa a c\u00e9l\u00e9br\u00e9 la journ\u00e9e mondiale de la vie sauvage. La c\u00e9r\u00e9monie a eu lieu \u00e0 la salle de promotions Monseigneur Luc Gillon de la dite universit\u00e9 en pr\u00e9sence des autorit\u00e9s et cadres du pays. Elle a \u00e9t\u00e9 organis\u00e9 par le forum \u00ab\u00a0gestion des ressources naturelles pour la gouvernance environnementale en RDC\u00a0\u00bb en partenariat avec\u00a0 le Fonds Mondial pour la Nature en RDC (WWF-RDC) et le minist\u00e8re de l\u2019environnement. La journ\u00e9e a \u00e9t\u00e9 anim\u00e9e par trois conf\u00e9rences suivie des \u00e9changes et discussions.<\/p>\n<p style=\"text-align: justify;\">Selon le Recteur de l\u2019Universit\u00e9 de Kinshasa, le Professeur Daniel Ngoma ya Nzuzi, il s\u2019agit de la deuxi\u00e8me \u00e9dition du forum de la journ\u00e9e mondiale de la vie sauvage\u00a0: \u00ab\u00a0\u00e9coutons la voix des jeunes\u00a0\u00bb.\u00a0 Cette derni\u00e8re a \u00e9t\u00e9 organis\u00e9e sous le th\u00e8me\u00a0: \u00ab\u00a0prot\u00e9geons les sites qui abritent les esp\u00e8ces menac\u00e9es de la faune et de la flore\u00a0\u00bb. Cette journ\u00e9e se veut sensibiliser le public sur le r\u00f4le de la bioc\u00e9nose dans les \u00e9quilibres des \u00e9cosyst\u00e8mes mondiaux.<\/p>\n<p style=\"text-align: justify;\">Par ailleurs, l\u2019organisation du forum \u00ab\u00a0Gestion des ressources naturelles pour la gouvernance environnementale en RDC\u00a0\u00bb\u00a0,\u00a0 poursuit le Recteur, traduit les grandes orientations strat\u00e9giques et les mesures prises ou envisag\u00e9es par la RDC de participer aux efforts de la communaut\u00e9 internationale de pr\u00e9server et restaurer les \u00e9cosyst\u00e8me terrestre, en veillant \u00e0 les exploiter de fa\u00e7on durable\u00a0: g\u00e9rer durablement les forets, lutter contre la d\u00e9sertification, enrayer et inverser le processus de d\u00e9gradation des sols et mettre fin \u00e0 l\u2019appauvrissement de la biodiversit\u00e9, conform\u00e9ment \u00e0 l\u2019objectif 15 du nouveau programme de d\u00e9veloppement durable adopt\u00e9 par les pays membres des Nations Unies en appui \u00e0 l\u2019accord mondial sur le changement climatique. L\u2019objectif poursuivi par ce forum est de sensibiliser les \u00e9tudiants surtout ceux de l\u2019agronomie en la mati\u00e8re afin de s\u2019impr\u00e9gner des outils n\u00e9cessaires pouvant permettre \u00e0 la RDC de devenir une puissance verte.<\/p>\n<p style=\"text-align: justify;\">\u00ab\u00a0La RDC est, \u00e0 ce jour, signataire de plus de 29 convention internationales et environnementales, dont la convention sur le commerce international des esp\u00e8ces de faune et de flore sauvage menac\u00e9es d\u2019extinction (CITES, en sigle). C\u2019est pour cette raison que dans la politique de l\u2019Universit\u00e9 de Kinshasa des efforts importants en mati\u00e8re de recherche sont fournis dans le domaine de la gestion durable de l\u2019environnement par la redynamisation du d\u00e9partement de gestion des ressources naturelles, au sein de la facult\u00e9 des sciences agronomiques de notre universit\u00e9, enfin de mettre \u00e0 la disposition du pays, des ressources humaines qualifi\u00e9es et motiv\u00e9es pour la recherche des solutions pratiques, pouvant permettre aux acteurs et partenaires bi et multilat\u00e9raux, du secteur vert en RDC, d\u2019am\u00e9liorer la qualit\u00e9 du service rendu \u00e0 la communaut\u00e9\u00a0\u00bb, a expliqu\u00e9 le Professeur Daniel Ngoma ya Nzuzi .<\/p>\n<p style=\"text-align: justify;\">Prenant la parole \u00e0 son tour, le Directeur nationale des fonds mondial pour la nature a invit\u00e9 le gouvernement ainsi la population \u00e0 s\u2019unir pour relever toutes les d\u00e9fis li\u00e9s \u00e0 la nature. \u00ab\u00a0Il n\u2019est pas impossible de faire de la RDC une puissance verte\u00a0\u00bb, a-t-il conclu.<\/p>\n<p>Par Carroll Madiya<\/p>\n","protected":false},"excerpt":{"rendered":"<p>L\u2019Universit\u00e9 de Kinshasa a c\u00e9l\u00e9br\u00e9 la journ\u00e9e mondiale de la vie sauvage. La c\u00e9r\u00e9monie a eu lieu \u00e0 la salle de promotions Monseigneur Luc Gillon de la dite universit\u00e9 en pr\u00e9sence des autorit\u00e9s et cadres du pays. Elle a \u00e9t\u00e9 organis\u00e9 par le forum \u00ab\u00a0gestion des ressources naturelles pour la gouvernance environnementale en RDC\u00a0\u00bb en [&hellip;]<\/p>\n","protected":false},"author":1,"featured_media":18517,"comment_status":"open","ping_status":"open","sticky":false,"template":"","format":"standard","meta":{"footnotes":""},"categories":[37,134,10],"tags":[],"class_list":["post-20052","post","type-post","status-publish","format-standard","has-post-thumbnail","hentry","category-environnement","category-la-tempete-des-tropiques","category-societe"],"_links":{"self":[{"href":"https:\/\/www.latempete.info\/index.php?rest_route=\/wp\/v2\/posts\/20052"}],"collection":[{"href":"https:\/\/www.latempete.info\/index.php?rest_route=\/wp\/v2\/posts"}],"about":[{"href":"https:\/\/www.latempete.info\/index.php?rest_route=\/wp\/v2\/types\/post"}],"author":[{"embeddable":true,"href":"https:\/\/www.latempete.info\/index.php?rest_route=\/wp\/v2\/users\/1"}],"replies":[{"embeddable":true,"href":"https:\/\/www.latempete.info\/index.php?rest_route=%2Fwp%2Fv2%2Fcomments&post=20052"}],"version-history":[{"count":1,"href":"https:\/\/www.latempete.info\/index.php?rest_route=\/wp\/v2\/posts\/20052\/revisions"}],"predecessor-version":[{"id":20053,"href":"https:\/\/www.latempete.info\/index.php?rest_route=\/wp\/v2\/posts\/20052\/revisions\/20053"}],"wp:featuredmedia":[{"embeddable":true,"href":"https:\/\/www.latempete.info\/index.php?rest_route=\/wp\/v2\/media\/18517"}],"wp:attachment":[{"href":"https:\/\/www.latempete.info\/index.php?rest_route=%2Fwp%2Fv2%2Fmedia&parent=20052"}],"wp:term":[{"taxonomy":"category","embeddable":true,"href":"https:\/\/www.latempete.info\/index.php?rest_route=%2Fwp%2Fv2%2Fcategories&post=20052"},{"taxonomy":"post_tag","embeddable":true,"href":"https:\/\/www.latempete.info\/index.php?rest_route=%2Fwp%2Fv2%2Ftags&post=20052"}],"curies":[{"name":"wp","href":"https:\/\/api.w.org\/{rel}","templated":true}]}}