{"id":20054,"date":"2017-03-08T09:35:32","date_gmt":"2017-03-08T09:35:32","guid":{"rendered":"http:\/\/www.latempete.info\/?p=20054"},"modified":"2017-03-08T09:35:32","modified_gmt":"2017-03-08T09:35:32","slug":"20054-2","status":"publish","type":"post","link":"https:\/\/www.latempete.info\/?p=20054","title":{"rendered":"La c\u00e9ramiste Francine Mava Sau analyse le milieu des  arts plastiques en RDC"},"content":{"rendered":"<p>Par rapport \u00e0 la peinture et \u00e0 la sculpture, en RD Congo, la c\u00e9ramique se trouve quelque peu en retrait. D\u2019apr\u00e8s la c\u00e9ramiste congolaise Francine Mava Sau, \u00ab\u00a0on traine un peu, on ne bouge pas trop\u00a0\u00bb. L\u2019artiste sait de quoi elle parle, elle est une des r\u00e9f\u00e9rences de cet art dans le pays. Parmi les c\u00e9ramistes femmes, elle cite notamment Maguy Yohari, Annie Sungamena ou encore Nicha Wangila.<\/p>\n<p>La jeune femme note par exemple qu\u2019\u00e0 part l\u2019argile, que l\u2019on trouve partout dans le pays, beaucoup d\u2019intrants utilis\u00e9s par les c\u00e9ramistes, tels les \u00e9maux et les oxydes, sont import\u00e9s. Elle signale aussi que dans la mentalit\u00e9 des gens, il y a la fragilit\u00e9 des \u0153uvres en c\u00e9ramique qui constitue un frein au d\u00e9veloppement de cette discipline en RD Congo. De plus, les c\u00e9ramiques fabriqu\u00e9es en s\u00e9rie en chine sont vendues dix fois moins ch\u00e8res\u00a0 que les c\u00e9ramiques du terroir et \u00ab\u00a0cassent l\u2019artisanat\u00a0 congolais\u00a0\u00bb.<\/p>\n<p><strong>Parcours exemplaire<\/strong><\/p>\n<p>Francine Mava note encore que lorsqu\u2019elle avait termin\u00e9 le graduat \u00e0 l\u2019Acad\u00e9mie des Beaux-Arts de Kinshasa(ABA), au courant des ann\u00e9es 90, Congolais et Etrangers achetaient volontiers les \u0153uvres en c\u00e9ramique. Mais actuellement, ce sont plut\u00f4t des \u00e9trangers qui se portent acqu\u00e9reurs de ces objets.<\/p>\n<p>Concernant sa m\u00e9thode de travail, la c\u00e9ramiste mod\u00e8le les \u0153uvres chez elle, o\u00f9 elle a am\u00e9nag\u00e9 un espace de travail. Mais pour cuire ses cr\u00e9ations, elle doit recourir au four de l\u2019ABA. Signalons que l\u2019artiste maitrise aussi la sculpture.<\/p>\n<p>Elle\u00a0 expose principalement \u00e0 la salle d\u2019exposition de l\u2019ABA. Mais l\u2019artiste a \u00e9galement montr\u00e9 ses cr\u00e9ations \u00e0 l\u2019\u00e9tranger, lors de foires, notamment en Chine.Francine Mava Sau est n\u00e9e le 29 septembre 1973 \u00e0 Kinshasa, dans une famille o\u00f9 pr\u00e9vaut d\u00e9j\u00e0 la fibre artistique.<\/p>\n<p>Ainsi, un de ses oncles est le sculpteur Mava. Apr\u00e8s des humanit\u00e9s artistiques, la jeune femme a int\u00e9gr\u00e9 l\u2019Acad\u00e9mie des Beaux-Arts de Kinshasa, o\u00f9 apr\u00e8s quelques ann\u00e9es, elle a d\u00e9croch\u00e9 un dipl\u00f4me de graduat, en 1996. Licenci\u00e9e en 2005, Francine Mava y est retenue comme la premi\u00e8re femme assistante, avec pour t\u00e2che de seconder Maitre Ignace Bamba, le p\u00e8re de la c\u00e9ramique congolaise moderne, r\u00e9cemment d\u00e9c\u00e9d\u00e9.<\/p>\n<p>Elle a par ailleurs effectu\u00e9 divers stages dans des mus\u00e9es tant en France qu\u2019en Allemagne, ainsi qu\u2019a l\u2019\u00e9cole nationale sup\u00e9rieure des arts visuels de la Cambre, \u00e0 Bruxelles.<\/p>\n<p><strong>Artiste, enseignante et cadre<\/strong><\/p>\n<p>En 2010, Mava obtient une bourse en conservation pr\u00e9ventive du patrimoine \u00e0 l\u2019\u00e9cole du patrimoine africain de Porto Novo, au B\u00e9nin. Elle y passe pr\u00e8s de deux ans, y d\u00e9crochant un master professionnel en conservation pr\u00e9ventive des \u0153uvres d\u2019art. Son retour au pays la place \u00e0 la t\u00eate du d\u00e9partement conservation restauration\u00a0 des \u0153uvres d\u2019art de l\u2019ABA.<\/p>\n<p>Elle est y enseigne aussi au d\u00e9partement c\u00e9ramique et modelage.\u00a0 Francine Mava Sau y est par ailleurs charg\u00e9e du budget. Mari\u00e9 et m\u00e8re d\u2019un gar\u00e7on de 16 ans, elle parvient \u00e0 trouver l\u2019\u00e9quilibre entre sa vie professionnelle, artistique et familiale.<\/p>\n<p>Par Yves Mitondo<\/p>\n","protected":false},"excerpt":{"rendered":"<p>Par rapport \u00e0 la peinture et \u00e0 la sculpture, en RD Congo, la c\u00e9ramique se trouve quelque peu en retrait. D\u2019apr\u00e8s la c\u00e9ramiste congolaise Francine Mava Sau, \u00ab\u00a0on traine un peu, on ne bouge pas trop\u00a0\u00bb. L\u2019artiste sait de quoi elle parle, elle est une des r\u00e9f\u00e9rences de cet art dans le pays. Parmi les [&hellip;]<\/p>\n","protected":false},"author":1,"featured_media":20055,"comment_status":"open","ping_status":"open","sticky":false,"template":"","format":"standard","meta":{"footnotes":""},"categories":[134,969,10],"tags":[],"class_list":["post-20054","post","type-post","status-publish","format-standard","has-post-thumbnail","hentry","category-la-tempete-des-tropiques","category-page-de-la-femme","category-societe"],"_links":{"self":[{"href":"https:\/\/www.latempete.info\/index.php?rest_route=\/wp\/v2\/posts\/20054"}],"collection":[{"href":"https:\/\/www.latempete.info\/index.php?rest_route=\/wp\/v2\/posts"}],"about":[{"href":"https:\/\/www.latempete.info\/index.php?rest_route=\/wp\/v2\/types\/post"}],"author":[{"embeddable":true,"href":"https:\/\/www.latempete.info\/index.php?rest_route=\/wp\/v2\/users\/1"}],"replies":[{"embeddable":true,"href":"https:\/\/www.latempete.info\/index.php?rest_route=%2Fwp%2Fv2%2Fcomments&post=20054"}],"version-history":[{"count":1,"href":"https:\/\/www.latempete.info\/index.php?rest_route=\/wp\/v2\/posts\/20054\/revisions"}],"predecessor-version":[{"id":20056,"href":"https:\/\/www.latempete.info\/index.php?rest_route=\/wp\/v2\/posts\/20054\/revisions\/20056"}],"wp:featuredmedia":[{"embeddable":true,"href":"https:\/\/www.latempete.info\/index.php?rest_route=\/wp\/v2\/media\/20055"}],"wp:attachment":[{"href":"https:\/\/www.latempete.info\/index.php?rest_route=%2Fwp%2Fv2%2Fmedia&parent=20054"}],"wp:term":[{"taxonomy":"category","embeddable":true,"href":"https:\/\/www.latempete.info\/index.php?rest_route=%2Fwp%2Fv2%2Fcategories&post=20054"},{"taxonomy":"post_tag","embeddable":true,"href":"https:\/\/www.latempete.info\/index.php?rest_route=%2Fwp%2Fv2%2Ftags&post=20054"}],"curies":[{"name":"wp","href":"https:\/\/api.w.org\/{rel}","templated":true}]}}