{"id":20060,"date":"2017-03-08T10:11:07","date_gmt":"2017-03-08T10:11:07","guid":{"rendered":"http:\/\/www.latempete.info\/?p=20060"},"modified":"2017-03-08T10:11:07","modified_gmt":"2017-03-08T10:11:07","slug":"20060-2","status":"publish","type":"post","link":"https:\/\/www.latempete.info\/?p=20060","title":{"rendered":"Que repr\u00e9sente la journ\u00e9e du 8 mars : Des femmes congolaises s\u2019expriment"},"content":{"rendered":"<p style=\"text-align: justify;\">C\u2019est aujourd\u2019hui le 08 mars que le monde entier c\u00e9l\u00e8bre, comme chaque ann\u00e9e, la journ\u00e9e internationale de la femme. Pour cette ann\u00e9e 2017, les Etats membres de l\u2019Organisation des Nations Unies (ONU) vont comm\u00e9morer le 40\u00e8me anniversaire de cette journ\u00e9e reconnue officiellement par l\u2019ONU depuis le 8 mars 1977.<\/p>\n<p style=\"text-align: justify;\">Il est notamment question de conscientiser les gouvernements du monde \u00e0 veiller au respect de l\u2019\u00e9quit\u00e9 entre les deux genres et permettre \u00e0 la gent f\u00e9minine de jouir de ses avantages. Depuis plus d\u2019une d\u00e9cennie, la journ\u00e9e du 8 mars suscite de l\u2019engouement \u00e0 travers le monde.<\/p>\n<p style=\"text-align: justify;\">Et la R\u00e9publique D\u00e9mocratique du Congo ne fait pas exception. A l\u2019occasion de cette journ\u00e9e, nous avons d\u00e9cid\u00e9 d\u2019aller \u00e0 la rencontre des femmes \u00e9voluant dans quelques secteurs pour recueillir leurs points de vue sur ce que repr\u00e9sente cette journ\u00e9e pour elles.<\/p>\n<p style=\"text-align: justify;\"><strong>Robby Kabange (vendeuse)\u00a0:<\/strong><\/p>\n<p style=\"text-align: justify;\">Personnellement, c\u2019est une journ\u00e9e qui reconnait les droits de la femme, \u00e9tant donn\u00e9 que cette derni\u00e8re \u00e9tait autrefois n\u00e9glig\u00e9e. Je pense qu\u2019actuellement la femme joue le m\u00eame r\u00f4le qu\u2019un homme. C\u2019est pourquoi, je conseille toujours \u00e0 mes deux filles de ne jamais reculer parce qu\u2019elles sont femmes. Elles doivent se lever et faire des efforts pour s\u2019affirmer dans la soci\u00e9t\u00e9.<\/p>\n<p><strong>Gr\u00e2ce Djengo (\u00e9tudiante\/Unikin)<\/strong>\u00a0: Quant \u00e0 moi, c\u2019est une journ\u00e9e o\u00f9 l\u2019on a donn\u00e9 \u00e0 la femme le pouvoir de s\u2019\u00e9manciper et de montrer ce qu\u2019elle poss\u00e8de comme valeurs par sa fa\u00e7on de s\u2019habiller et de se comporter.<\/p>\n<p><strong>Berline Lufwa (\u00e9tudiante\/Istm Kin)<\/strong>\u00a0: cette journ\u00e9e repr\u00e9sente, selon moi, le respect donn\u00e9 \u00e0 la femme et \u00e0 sa dignit\u00e9. En clair, nous avons repris une dignit\u00e9 perdue parce qu\u2019aux temps pass\u00e9s, la femme \u00e9tait consid\u00e9r\u00e9e comme une chose et n\u2019avait pas le droit de parler dans la soci\u00e9t\u00e9. Mais \u00e0 partir de cette date du 8 mars d\u00e9cr\u00e9t\u00e9e par l\u2019ONU, les femmes ont maintenant le pouvoir de diriger, et se retrouvent dans diff\u00e9rents domaines de la vie. Donc, c\u2019est un honneur, et nous devons honorer et respecter cette journ\u00e9e d\u00e9di\u00e9e \u00e0 la femme.<\/p>\n<p><strong>Fanny Lessenge (m\u00e9nag\u00e8re)<\/strong>\u00a0: Pour moi, je pense que le 8 mars repr\u00e9sente une date merveilleuse pour les femmes parce que nous c\u00e9l\u00e9brons notre ind\u00e9pendance. Je dirais que c\u2019est un honneur parce que d\u00e9sormais la femme est valoris\u00e9e dans le monde. C\u2019est pour dire que nous f\u00eatons la valeur qui nous a \u00e9t\u00e9 reconnue.<\/p>\n<p><strong>Glory Kieyele (Comptable)<\/strong>\u00a0: A mon avis, cette journ\u00e9e est tr\u00e8s importante parce qu\u2019elle revalorise la femme sous ses divers aspects et favorise sa r\u00e9int\u00e9gration dans la soci\u00e9t\u00e9. Jadis, la femme \u00e9tait d\u00e9consid\u00e9r\u00e9e, elle fut juste associ\u00e9e au m\u00e9nage et \u00e0 l\u2019\u00e9ducation des enfants. Cette date permet \u00e0 la gent f\u00e9minine\u00a0 de comm\u00e9morer leur importance dans la soci\u00e9t\u00e9. Surtout qu\u2019elles peuvent occuper actuellement tous les postes de responsabilit\u00e9.<\/p>\n<p style=\"text-align: justify;\">Propos recueillis par TANTIA SAKATA<\/p>\n","protected":false},"excerpt":{"rendered":"<p>C\u2019est aujourd\u2019hui le 08 mars que le monde entier c\u00e9l\u00e8bre, comme chaque ann\u00e9e, la journ\u00e9e internationale de la femme. Pour cette ann\u00e9e 2017, les Etats membres de l\u2019Organisation des Nations Unies (ONU) vont comm\u00e9morer le 40\u00e8me anniversaire de cette journ\u00e9e reconnue officiellement par l\u2019ONU depuis le 8 mars 1977. Il est notamment question de conscientiser [&hellip;]<\/p>\n","protected":false},"author":1,"featured_media":0,"comment_status":"open","ping_status":"open","sticky":false,"template":"","format":"standard","meta":{"footnotes":""},"categories":[134,969,10],"tags":[],"class_list":["post-20060","post","type-post","status-publish","format-standard","hentry","category-la-tempete-des-tropiques","category-page-de-la-femme","category-societe"],"_links":{"self":[{"href":"https:\/\/www.latempete.info\/index.php?rest_route=\/wp\/v2\/posts\/20060"}],"collection":[{"href":"https:\/\/www.latempete.info\/index.php?rest_route=\/wp\/v2\/posts"}],"about":[{"href":"https:\/\/www.latempete.info\/index.php?rest_route=\/wp\/v2\/types\/post"}],"author":[{"embeddable":true,"href":"https:\/\/www.latempete.info\/index.php?rest_route=\/wp\/v2\/users\/1"}],"replies":[{"embeddable":true,"href":"https:\/\/www.latempete.info\/index.php?rest_route=%2Fwp%2Fv2%2Fcomments&post=20060"}],"version-history":[{"count":1,"href":"https:\/\/www.latempete.info\/index.php?rest_route=\/wp\/v2\/posts\/20060\/revisions"}],"predecessor-version":[{"id":20061,"href":"https:\/\/www.latempete.info\/index.php?rest_route=\/wp\/v2\/posts\/20060\/revisions\/20061"}],"wp:attachment":[{"href":"https:\/\/www.latempete.info\/index.php?rest_route=%2Fwp%2Fv2%2Fmedia&parent=20060"}],"wp:term":[{"taxonomy":"category","embeddable":true,"href":"https:\/\/www.latempete.info\/index.php?rest_route=%2Fwp%2Fv2%2Fcategories&post=20060"},{"taxonomy":"post_tag","embeddable":true,"href":"https:\/\/www.latempete.info\/index.php?rest_route=%2Fwp%2Fv2%2Ftags&post=20060"}],"curies":[{"name":"wp","href":"https:\/\/api.w.org\/{rel}","templated":true}]}}