{"id":20137,"date":"2017-03-10T08:38:14","date_gmt":"2017-03-10T08:38:14","guid":{"rendered":"http:\/\/www.latempete.info\/?p=20137"},"modified":"2017-03-10T08:38:14","modified_gmt":"2017-03-10T08:38:14","slug":"20137-2","status":"publish","type":"post","link":"https:\/\/www.latempete.info\/?p=20137","title":{"rendered":"L\u00e9gende in\u00e9dite : Tshisekedi, l\u2019homme des mercredis"},"content":{"rendered":"<p style=\"text-align: justify;\">Destin ou co\u00efncidence\u00a0? Je me pose la question et vous allez vous la poser certainement. Il y a un jour de la semaine qui pique ma curiosit\u00e9 dans l\u2019histoire d\u2019Etienne Tshisekedi. C\u2019est le mercredi. Les autres jours sont bel et bien rentr\u00e9s dans son parcours, parce que l\u2019histoire on l\u2019\u00e9crit \u00e0 chaque instant. Mais le mercredi avait le sort de cet homme.<\/p>\n<p style=\"text-align: justify;\"><a href=\"http:\/\/www.latempete.info\/wp-content\/uploads\/Tshisekedi-1.jpg\" rel=\"attachment wp-att-20139\"><img loading=\"lazy\" decoding=\"async\" class=\"alignnone size-medium wp-image-20139 alignleft\" src=\"http:\/\/www.latempete.info\/wp-content\/uploads\/Tshisekedi-1-230x130.jpg\" alt=\"Tshisekedi\" width=\"230\" height=\"130\" srcset=\"https:\/\/www.latempete.info\/wp-content\/uploads\/Tshisekedi-1-230x130.jpg 230w, https:\/\/www.latempete.info\/wp-content\/uploads\/Tshisekedi-1-640x360.jpg 640w\" sizes=\"(max-width: 230px) 100vw, 230px\" \/><\/a>Comment expliquer que c\u2019est le mercredi qui le donne au monde, et c\u2019est encore le mercredi qui le retire de la terre\u00a0?<br \/>\nLe mercredi 14 d\u00e9cembre 1932 a donn\u00e9 au monde Etienne Tshisekedi. L\u2019histoire d\u2019une l\u00e9gende, d\u2019un mythe, d\u2019un opposant commence \u00e0 cette date \u00e0 Kananga. C\u2019est un mercredi ordinaire qui n\u2019a rien d\u2019impressionnant. Est-ce la naissance d\u2019un Mo\u00efse congolais\u00a0? Les faits semblent le confirmer plus tard surtout quand il s\u2019oppose \u00e0 la dictature de Mobutu.<\/p>\n<p style=\"text-align: justify;\">Imaginez d\u2019abord un pays o\u00f9 il \u00e9tait dit que personne ne pouvait porter la cravate, qu\u2019aucune femme ne pouvait porter le pantalon, que tout le monde naissait membre du Mouvement Populaire de la R\u00e9volution (MPR), Parti Etat, que personne n\u2019avait le droit de cr\u00e9er un autre parti\u2026C\u2019est comme si on \u00e9tait en Cor\u00e9e du Nord.<\/p>\n<p style=\"text-align: justify;\"><a href=\"http:\/\/www.latempete.info\/wp-content\/uploads\/Tshisekedi-Ethienne.jpg\" rel=\"attachment wp-att-20140\"><img loading=\"lazy\" decoding=\"async\" class=\"alignnone size-medium wp-image-20140\" src=\"http:\/\/www.latempete.info\/wp-content\/uploads\/Tshisekedi-Ethienne-230x130.jpg\" alt=\"Tshisekedi Ethienne\" width=\"230\" height=\"130\" srcset=\"https:\/\/www.latempete.info\/wp-content\/uploads\/Tshisekedi-Ethienne-230x130.jpg 230w, https:\/\/www.latempete.info\/wp-content\/uploads\/Tshisekedi-Ethienne-640x360.jpg 640w\" sizes=\"(max-width: 230px) 100vw, 230px\" \/><\/a>C\u2019est cela qu\u2019ont v\u00e9cu les Za\u00efrois dans les ann\u00e9es 60 et 70. Tout doit changer. A la man\u0153uvre, 13 Parlementaires (Tshisekedi est parmi) se d\u00e9cident, le 2 d\u00e9cembre 1980, d\u2019\u00e9crire une \u00ab\u00a0lettre ouverte au Pr\u00e9sident de la R\u00e9publique\u00a0\u00bb. La missive surprend le roi du Za\u00efre. Le mercredi 3 d\u00e9cembre 1980, ces treize membres du MPR sont aux arr\u00eats.<\/p>\n<p style=\"text-align: justify;\">Ils sont d\u00e9chus de leurs mandats parlementaires et jet\u00e9s en prison.\u00a0 C\u2019est un grand duel qui se d\u00e9clare entre Joseph D\u00e9sir\u00e9 Mobutu et Etienne Tshisekedi. (Tshisekedi a, entre temps, vol\u00e9 la vedette aux autres Parlementaires). Cette arrestation de \u00ab\u00a0mercredi\u00a0\u00bb lui ouvrira une carri\u00e8re d\u2019opposant. Tshisekedi saisit sa chance. Il est encore sur la sellette, avec d\u2019autres amis, du 15 f\u00e9vrier \u00e0 mercredi 17 f\u00e9vrier 1982. L\u2019homme et ses amis d\u00e9fient Mobutu en cr\u00e9ant l\u2019Union pour la D\u00e9mocratie et le Progr\u00e8s Social (UDPS).<\/p>\n<p style=\"text-align: justify;\">Un concurrent du MPR\u00a0? C\u2019est du jamais vu. Les fondateurs sont arr\u00eat\u00e9s et condamn\u00e9s \u00e0 15 ans de prison ferme. Les jours suivants, c\u2019est l\u2019histoire de prison, violences physiques qui se r\u00e9p\u00e8te contre Tshisekedi. C\u2019est par exemple quand il est plac\u00e9 en r\u00e9sidence surveill\u00e9e, \u00e0 partir du mercredi 1er mars 1989. Quatorze mois au total doivent s\u2019\u00e9couler jusqu\u2019\u00e0 sa lib\u00e9ration le mercredi 25 avril 1990.<\/p>\n<p><strong>Il a v\u00e9cu l\u2019ordinaire de mani\u00e8re extraordinaire<\/strong><\/p>\n<p style=\"text-align: justify;\">Mais l\u2019histoire r\u00e9cente du \u00ab\u00a0sphinx de Limete\u00a0\u00bb retient encore deux mercredis\u00a0: un jovial et un autre triste. Nous sommes le 27 juillet 2016. C\u2019est un mercredi. L\u2019opposant regagne Kinshasa apr\u00e8s deux ans pass\u00e9s en Belgique pour des soins m\u00e9dicaux. Je me rappelle encore cet accueil chaleureux lui r\u00e9serv\u00e9.<\/p>\n<p style=\"text-align: justify;\">Plusieurs milliers de gens, qui arboraient diff\u00e9rents drapeaux des partis politiques de l\u2019opposition, s\u2019\u00e9taient mass\u00e9s tout le long du boulevard Lumumba pour accueillir le pr\u00e9sident de l\u2019UDPS. Jeunes et vieux, hommes et femmes avaient fait le d\u00e9placement, soit de l\u2019a\u00e9roport de N\u2019djili soit de la 10e rue o\u00f9 se trouvent la permanence de l\u2019UDPS et la r\u00e9sidence d\u2019Etienne Tshisekedi.<\/p>\n<p style=\"text-align: justify;\">Quelle joie de retrouver ce grand politicien. L\u2019espoir, \u00e0 la Majorit\u00e9 pr\u00e9sidentielle tout comme \u00e0 l\u2019Opposition, \u00e9tait de le voir jouer un r\u00f4le important dans les n\u00e9gociations politiques annonc\u00e9es sur la question de la succession de Joseph Kabila, arriv\u00e9 fin mandat. Les choses sont all\u00e9es autrement. Le dialogue en question a connu son histoire.<\/p>\n<p style=\"text-align: justify;\">Mais le mardi 24 janvier 2017, six mois apr\u00e8s son retour \u00e0 Kinshasa, Etienne Tshisekedi est rapatri\u00e9 en Europe. La nuit du mardi 24 \u00e0 mercredi 25 janvier, il la passe \u00e0 Bruxelles pour des soins. Le dur, le point final de sa vie devrait \u00eatre pos\u00e9,\u00a0 sur cette longue lettre, vieille de quatre-vingt quatre ans, le mercredi 1er f\u00e9vrier 2017.<\/p>\n<p style=\"text-align: justify;\">Et comme me rappelle souvent un ami, \u00ab\u00a0la vie d\u2019un homme est une phrase inachev\u00e9e dont le sens n\u2019apparait clairement qu\u2019\u00e0 sa mort. Mais l\u00e0 encore avec des pointill\u00e9s\u00a0\u00bb. Etienne Tshisekedi en \u00e9tait une.<\/p>\n<p style=\"text-align: justify;\">C\u2019est donc un autre mercredi qui vient, cette fois-ci, retirer le baobab de la sc\u00e8ne politique et en l\u2019arrachant brutalement \u00e0 l\u2019affection de ses compatriotes. Celui-ci, fatidique et insupportable, emporte tout. Il avait sa mission\u00a0: achever l\u2019histoire des mercredis dans la vie du \u00ab\u00a0Lidermaximo\u00a0\u00bb.<\/p>\n<p>Edouard Bajika \/Trinitas FM<\/p>\n","protected":false},"excerpt":{"rendered":"<p>Destin ou co\u00efncidence\u00a0? Je me pose la question et vous allez vous la poser certainement. Il y a un jour de la semaine qui pique ma curiosit\u00e9 dans l\u2019histoire d\u2019Etienne Tshisekedi. C\u2019est le mercredi. Les autres jours sont bel et bien rentr\u00e9s dans son parcours, parce que l\u2019histoire on l\u2019\u00e9crit \u00e0 chaque instant. Mais le [&hellip;]<\/p>\n","protected":false},"author":1,"featured_media":20138,"comment_status":"open","ping_status":"open","sticky":false,"template":"","format":"standard","meta":{"footnotes":""},"categories":[136,134,130,5],"tags":[],"class_list":["post-20137","post","type-post","status-publish","format-standard","has-post-thumbnail","hentry","category-a-la-une","category-la-tempete-des-tropiques","category-nation","category-politique"],"_links":{"self":[{"href":"https:\/\/www.latempete.info\/index.php?rest_route=\/wp\/v2\/posts\/20137"}],"collection":[{"href":"https:\/\/www.latempete.info\/index.php?rest_route=\/wp\/v2\/posts"}],"about":[{"href":"https:\/\/www.latempete.info\/index.php?rest_route=\/wp\/v2\/types\/post"}],"author":[{"embeddable":true,"href":"https:\/\/www.latempete.info\/index.php?rest_route=\/wp\/v2\/users\/1"}],"replies":[{"embeddable":true,"href":"https:\/\/www.latempete.info\/index.php?rest_route=%2Fwp%2Fv2%2Fcomments&post=20137"}],"version-history":[{"count":1,"href":"https:\/\/www.latempete.info\/index.php?rest_route=\/wp\/v2\/posts\/20137\/revisions"}],"predecessor-version":[{"id":20141,"href":"https:\/\/www.latempete.info\/index.php?rest_route=\/wp\/v2\/posts\/20137\/revisions\/20141"}],"wp:featuredmedia":[{"embeddable":true,"href":"https:\/\/www.latempete.info\/index.php?rest_route=\/wp\/v2\/media\/20138"}],"wp:attachment":[{"href":"https:\/\/www.latempete.info\/index.php?rest_route=%2Fwp%2Fv2%2Fmedia&parent=20137"}],"wp:term":[{"taxonomy":"category","embeddable":true,"href":"https:\/\/www.latempete.info\/index.php?rest_route=%2Fwp%2Fv2%2Fcategories&post=20137"},{"taxonomy":"post_tag","embeddable":true,"href":"https:\/\/www.latempete.info\/index.php?rest_route=%2Fwp%2Fv2%2Ftags&post=20137"}],"curies":[{"name":"wp","href":"https:\/\/api.w.org\/{rel}","templated":true}]}}