{"id":20142,"date":"2017-03-10T08:43:18","date_gmt":"2017-03-10T08:43:18","guid":{"rendered":"http:\/\/www.latempete.info\/?p=20142"},"modified":"2017-03-10T08:43:18","modified_gmt":"2017-03-10T08:43:18","slug":"20142-2","status":"publish","type":"post","link":"https:\/\/www.latempete.info\/?p=20142","title":{"rendered":"Lors de la premi\u00e8re r\u00e9union apr\u00e8s sa restructuration : Le Rassemblement se relance pour le respect de l\u2019Accord"},"content":{"rendered":"<p style=\"text-align: justify;\"><em><strong>Le Pr\u00e9sident de la plateforme et celui du Conseil des sages\u00a0 pr\u00e9sent\u00e9s\u00a0 solennellement, <\/strong><\/em><br \/>\n<em><strong>le processus de d\u00e9signation des autres animateurs aux postes vacants ouvert<\/strong><\/em><\/p>\n<p>Au cours de la premi\u00e8re r\u00e9union, tenue hier jeudi 9 mars apr\u00e8s sa restructuration, le Rassemblement des forces politiques et sociales acquises au changement a exhort\u00e9 toutes les parties prenantes \u00e0 l\u2019Accord \u00e0 \u0153uvrer pour sa mise en application int\u00e9grale et rapide. Ainsi, la Direction politique a \u00e9t\u00e9 charg\u00e9e de prendre contact avec tous les partenaires concern\u00e9s en vue de la finalisation et de la signature de l\u2019Arrangement particulier dans le plus bref d\u00e9lai.<\/p>\n<p style=\"text-align: justify;\">La Conf\u00e9rence Episcopale Nationale du Congo(CENCO), encourag\u00e9e \u00e0 poursuivre sa mission de bons offices sans d\u00e9semparer et la communaut\u00e9 internationale remerci\u00e9e pour son accompagnement soutenu au peuple congolais pour la d\u00e9mocratie, le respect des droits humains et de l\u2019Etat de droit en RDC. Les Congolais\u00a0\u00a0 appel\u00e9s \u00e0 ne pas perdre espoir, \u00e0 redoubler la vigilance et \u00e0 se tenir pr\u00eats pour le triomphe des id\u00e9aux d\u00e9mocratiques auxquels Etienne Tshisekedi wa Mulumba a consacr\u00e9 toute sa vie.<\/p>\n<p style=\"text-align: justify;\">Pour le Rassemblement, \u00ab\u00a0l\u2019Accord politique global et inclusif du Centre interdioc\u00e9sain du 31d\u00e9cembre est actuellement l\u2019unique source de l\u00e9gitimit\u00e9 des dirigeants de toutes les institutions politiques de la RDC, en ce compris le Pr\u00e9sident de la R\u00e9publique\u00a0\u00bb.<\/p>\n<p style=\"text-align: justify;\">Fort de cette conviction, le groupe d\u2019acteurs politiques et sociaux constitu\u00e9 \u00e0 Genval se relance dans la lutte pour le respect de l\u2019Accord obtenu sous la mod\u00e9ration des Ev\u00eaques catholiques afin de relever le d\u00e9fi de l\u2019alternance et du changement d\u00e9mocratique en RDC.<\/p>\n<p style=\"text-align: justify;\">Observant avec inqui\u00e9tude la d\u00e9t\u00e9rioration des conditions de vie de la population, le Rassemblement interpelle \u00ab\u00a0le pouvoir en place quant \u00e0 sa responsabilit\u00e9 dans le blocage de la sortie de la crise et le met en demeure de prendre conscience de la gravit\u00e9 de la situation politique actuelle qui conduit le pays inexorablement au chaos\u00a0\u00bb. La recrudescence de l\u2019ins\u00e9curit\u00e9 g\u00e9n\u00e9ralis\u00e9e, de massacres ,de tueries, de violations massives des Droits de l\u2019homme sur l\u2019ensemble du territoire national a \u00e9t\u00e9 aussi condamn\u00e9e.<\/p>\n<p style=\"text-align: justify;\">Au cours de cette r\u00e9union tenue \u00e0 la r\u00e9sidence de feu le Pr\u00e9sident Etienne Tshisekedi, les composantes ont eu l\u2019occasion de rendre hommage \u00e0 l\u2019initiateur du Rassemblement. Il a \u00e9t\u00e9 aussi proc\u00e9d\u00e9 \u00e0 la pr\u00e9sentation officielle et solennelle de MM. Antoine F\u00e9lix Tshisekedi et Pierre Lumbi, respectivement Pr\u00e9sident du Rassemblement et Pr\u00e9sident du Conseil des sages du Rassemblement.<\/p>\n<p style=\"text-align: justify;\">Il a \u00e9t\u00e9 aussi annonc\u00e9 l\u2019ouverture du processus de d\u00e9signation par consensus des autres animateurs aux postes actuellement vacants dans les organes du Rassemblement, notamment les trois postes de Vice\u2013pr\u00e9sidents du Conseil des sages, du Coordonnateur des actions, de ses quatre adjoints ainsi que tous les membres de son Bureau.Le Pr\u00e9sident du Rassemblement a \u00e9t\u00e9 par la m\u00eame occasion charg\u00e9 de prendre tous les contacts n\u00e9cessaires avec les diff\u00e9rentes composantes de la plateforme quant \u00e0 ce.<\/p>\n<p style=\"text-align: justify;\">Malgr\u00e9 l\u2019absence de quelques dissidents qui h\u00e9sitent encore, les diff\u00e9rentes composantes ont \u00e9t\u00e9 bien repr\u00e9sent\u00e9es au cours de la premi\u00e8re r\u00e9union du Rassemblement restructur\u00e9. Au courant de la journ\u00e9e d\u2019hier, de nombreux appels ont \u00e9t\u00e9 lanc\u00e9s \u00e0 l\u2019endroit des Anti-restructuration.<\/p>\n<p style=\"text-align: justify;\">Mo\u00efse Katumbi a invit\u00e9 les \u00ab\u00a0frondeurs\u00a0\u00bb \u00e0 revenir. Kikwama s\u2019est manifest\u00e9 en faveur du retour \u00e0 travers un entretien qu\u2019il a accord\u00e9 \u00e0 Top\u00a0 Congo FM m\u00eame s\u2019il \u00e9tait invisible hier \u00e0 Limete sur Zinnias, au niveau de la 10\u00e8me Rue\/Limete r\u00e9sidentiel.<\/p>\n<p style=\"text-align: justify;\">Par contre, les Sessanga, Jos\u00e9 Endundo, Dr Kabamba, Fran\u00e7ois Lumumba, Claudel-Andr\u00e9 Lubaya, Fabrice Albert Puela, Jean-Marc Kabund, Ewanga, Dr Buassa \u2026ont \u00e9t\u00e9 par contre aper\u00e7us hier \u00e0 la premi\u00e8re r\u00e9union du Rassemblement restructur\u00e9.<\/p>\n<p>Par KerK<\/p>\n","protected":false},"excerpt":{"rendered":"<p>Le Pr\u00e9sident de la plateforme et celui du Conseil des sages\u00a0 pr\u00e9sent\u00e9s\u00a0 solennellement, le processus de d\u00e9signation des autres animateurs aux postes vacants ouvert Au cours de la premi\u00e8re r\u00e9union, tenue hier jeudi 9 mars apr\u00e8s sa restructuration, le Rassemblement des forces politiques et sociales acquises au changement a exhort\u00e9 toutes les parties prenantes \u00e0 [&hellip;]<\/p>\n","protected":false},"author":1,"featured_media":20143,"comment_status":"open","ping_status":"open","sticky":false,"template":"","format":"standard","meta":{"footnotes":""},"categories":[136,134,130,5],"tags":[],"class_list":["post-20142","post","type-post","status-publish","format-standard","has-post-thumbnail","hentry","category-a-la-une","category-la-tempete-des-tropiques","category-nation","category-politique"],"_links":{"self":[{"href":"https:\/\/www.latempete.info\/index.php?rest_route=\/wp\/v2\/posts\/20142"}],"collection":[{"href":"https:\/\/www.latempete.info\/index.php?rest_route=\/wp\/v2\/posts"}],"about":[{"href":"https:\/\/www.latempete.info\/index.php?rest_route=\/wp\/v2\/types\/post"}],"author":[{"embeddable":true,"href":"https:\/\/www.latempete.info\/index.php?rest_route=\/wp\/v2\/users\/1"}],"replies":[{"embeddable":true,"href":"https:\/\/www.latempete.info\/index.php?rest_route=%2Fwp%2Fv2%2Fcomments&post=20142"}],"version-history":[{"count":1,"href":"https:\/\/www.latempete.info\/index.php?rest_route=\/wp\/v2\/posts\/20142\/revisions"}],"predecessor-version":[{"id":20144,"href":"https:\/\/www.latempete.info\/index.php?rest_route=\/wp\/v2\/posts\/20142\/revisions\/20144"}],"wp:featuredmedia":[{"embeddable":true,"href":"https:\/\/www.latempete.info\/index.php?rest_route=\/wp\/v2\/media\/20143"}],"wp:attachment":[{"href":"https:\/\/www.latempete.info\/index.php?rest_route=%2Fwp%2Fv2%2Fmedia&parent=20142"}],"wp:term":[{"taxonomy":"category","embeddable":true,"href":"https:\/\/www.latempete.info\/index.php?rest_route=%2Fwp%2Fv2%2Fcategories&post=20142"},{"taxonomy":"post_tag","embeddable":true,"href":"https:\/\/www.latempete.info\/index.php?rest_route=%2Fwp%2Fv2%2Ftags&post=20142"}],"curies":[{"name":"wp","href":"https:\/\/api.w.org\/{rel}","templated":true}]}}