{"id":20158,"date":"2017-03-10T09:17:04","date_gmt":"2017-03-10T09:17:04","guid":{"rendered":"http:\/\/www.latempete.info\/?p=20158"},"modified":"2017-03-10T09:17:04","modified_gmt":"2017-03-10T09:17:04","slug":"longd-femme-en-action-tosangana-et-ses-partenaires-ont-procede-le-mardi-7-mars-dernier-a-lhotel-sultani-a-kinshasa-au-lancement-du-programme-mwanamke-amani-na","status":"publish","type":"post","link":"https:\/\/www.latempete.info\/?p=20158","title":{"rendered":"L\u2019ONGD \u00ab Femme en Action Tosangana \u00bb et ses partenaires ont proc\u00e9d\u00e9 le mardi 7 mars dernier \u00e0 l\u2019h\u00f4tel Sultani, \u00e0 Kinshasa, au lancement du programme \u00ab Mwanamke, Amani na Usalama \u00bb autrement dit \u00ab femme, paix et s\u00e9curit\u00e9 \u00bben swahili."},"content":{"rendered":"<p style=\"text-align: justify;\"><em><strong>D\u2019apparence modeste, ce programme financ\u00e9 par le\u00a0 minist\u00e8re des Affaires \u00e9trang\u00e8res des Pays-Bas, a pour finalit\u00e9 de favoriser l\u2019\u00e9quit\u00e9 des sexes, la pleine participation et la protection des femmes principalement dans les provinces du Nord-Kivu et du Sud-Kivu.\u00a0 Kinshasa assurant le pont entre le programme et gouvernement central.<\/strong><\/em><\/p>\n<p><strong>Diff\u00e9rentes interventions<\/strong><\/p>\n<p style=\"text-align: justify;\">A cette c\u00e9r\u00e9monie, de nombreux participants ont \u00e9t\u00e9 invit\u00e9s.\u00a0 La grande majorit\u00e9 \u00e9tait constitu\u00e9e des femmes dont les fonctions exerc\u00e9es ont un lien direct avec la paix.\u00a0 Ainsi donc a- t- on not\u00e9 la pr\u00e9sence d\u2019une femme officier sup\u00e9rieur des FARDC, celle d\u2019avocates, de la repr\u00e9sentante de l\u2019ONU Femme, de la coordonnatrice du consortium, du d\u00e9put\u00e9 national et de parlementaires debout\u00a0(d\u00e9put\u00e9s non \u00e9lus\u00a0), de la coordonnatrice du r\u00e9seau des journalistes,\u00a0 du conseiller juridique et son coll\u00e8gue charg\u00e9 d\u2019\u00e9tudes, repr\u00e9sentant le vice ministre de l\u2019Int\u00e9rieur et s\u00e9curit\u00e9, Basile Olongo.<\/p>\n<p style=\"text-align: justify;\">\u00a0\u00a0 Apr\u00e8s la pr\u00e9sentation des invit\u00e9s par le mod\u00e9rateur du jour Justin Kitenge, pr\u00e9sident de l\u2019ONG \u00ab\u00a0la Voix des faibles\u00a0\u00bb, suivie de la lecture du programme.\u00a0 Est intervenu aussit\u00f4t le clou de la manifestation constitu\u00e9 de diff\u00e9rentes interventions.<\/p>\n<p style=\"text-align: justify;\">La repr\u00e9sentante de l\u2019ONU femme a fait remarquer \u00e0 cette occasion que le programme est le socle de la r\u00e9solution 1325 du conseil de s\u00e9curit\u00e9 de l\u2019ONU sur la femme, la paix et la s\u00e9curit\u00e9.\u00a0 Il s\u2019agit d\u2019un acte de haute port\u00e9e, a-elle rappel\u00e9, dans la reconnaissance non seulement des effets des conflits arm\u00e9s sur les femmes et les filles mais aussi du r\u00f4le important que jouent les femmes, en tant que partenaires dans la recherche et la consolidation de la paix.<\/p>\n<p style=\"text-align: justify;\">Le programme soutient les quatre piliers de la r\u00e9solution 1325 que sont la participation, la pr\u00e9vention, la protection et le d\u00e9veloppement. Elle a soulign\u00e9 en outre qu\u2019autant la violence faite \u00e0 la femme, le viol et le mariage pr\u00e9coce constituent des armes de guerre en RDC.\u00a0 La dame s\u2019est f\u00e9licit\u00e9e toutefois du fait que des hommes acquis \u00e0 la cause de la femme, s\u2019associent \u00e0 elles pour vaincre le f\u00e9minisme.<\/p>\n<p><strong>Th\u00e9orie du changement<\/strong><\/p>\n<p style=\"text-align: justify;\">Intervenant \u00e0 son tour, Mme Julienne Donppemberg, coordonnatrice du consortium, a d\u00e9fini la mission du programme dont le principal objectif est de contribuer \u00e0 l\u2019\u00e9galit\u00e9 des sexes entre l\u2019homme et la femme et finalement de participer \u00e0 la reconstruction du pays.<\/p>\n<p style=\"text-align: justify;\">\u00a0 Notons que le consortium est repr\u00e9sent\u00e9 \u00e0 Kinshasa ainsi qu\u2019\u00e0 l\u2019Est du pays et a \u00e9t\u00e9 con\u00e7u \u00e0 la base dans les deux Kivu, principale assise du programme.\u00a0 Mettant l\u2019accent sur la th\u00e9orie du changement, Mme Donppemberg a invit\u00e9 tous les partenaires \u00e0 demeurer en contact avec le programme, qui va durer trois ans.<\/p>\n<p style=\"text-align: justify;\">Le repr\u00e9sentant du vice-ministre a rappel\u00e9 le r\u00f4le que la femme doit jouer dans la pr\u00e9vention et la r\u00e9solution des conflits.\u00a0 Dans un pays d\u00e9chir\u00e9 par la guerre, le gouvernement\u00a0 ne peut que s\u2019engager dans l\u2019application de la r\u00e9solution 1325 des Nations Unies, a-t-il not\u00e9, avant de pr\u00e9ciser que le gouvernement reste reconnaissant vis-\u00e0-vis de ses partenaires.\u00a0 La c\u00e9r\u00e9monie, qui a dur\u00e9 pr\u00e8s de trois heures, s\u2019est termin\u00e9e dans une ambiance bonne enfant.<\/p>\n","protected":false},"excerpt":{"rendered":"<p>D\u2019apparence modeste, ce programme financ\u00e9 par le\u00a0 minist\u00e8re des Affaires \u00e9trang\u00e8res des Pays-Bas, a pour finalit\u00e9 de favoriser l\u2019\u00e9quit\u00e9 des sexes, la pleine participation et la protection des femmes principalement dans les provinces du Nord-Kivu et du Sud-Kivu.\u00a0 Kinshasa assurant le pont entre le programme et gouvernement central. Diff\u00e9rentes interventions A cette c\u00e9r\u00e9monie, de nombreux [&hellip;]<\/p>\n","protected":false},"author":1,"featured_media":0,"comment_status":"open","ping_status":"open","sticky":false,"template":"","format":"standard","meta":{"footnotes":""},"categories":[134,969,10],"tags":[],"class_list":["post-20158","post","type-post","status-publish","format-standard","hentry","category-la-tempete-des-tropiques","category-page-de-la-femme","category-societe"],"_links":{"self":[{"href":"https:\/\/www.latempete.info\/index.php?rest_route=\/wp\/v2\/posts\/20158"}],"collection":[{"href":"https:\/\/www.latempete.info\/index.php?rest_route=\/wp\/v2\/posts"}],"about":[{"href":"https:\/\/www.latempete.info\/index.php?rest_route=\/wp\/v2\/types\/post"}],"author":[{"embeddable":true,"href":"https:\/\/www.latempete.info\/index.php?rest_route=\/wp\/v2\/users\/1"}],"replies":[{"embeddable":true,"href":"https:\/\/www.latempete.info\/index.php?rest_route=%2Fwp%2Fv2%2Fcomments&post=20158"}],"version-history":[{"count":1,"href":"https:\/\/www.latempete.info\/index.php?rest_route=\/wp\/v2\/posts\/20158\/revisions"}],"predecessor-version":[{"id":20159,"href":"https:\/\/www.latempete.info\/index.php?rest_route=\/wp\/v2\/posts\/20158\/revisions\/20159"}],"wp:attachment":[{"href":"https:\/\/www.latempete.info\/index.php?rest_route=%2Fwp%2Fv2%2Fmedia&parent=20158"}],"wp:term":[{"taxonomy":"category","embeddable":true,"href":"https:\/\/www.latempete.info\/index.php?rest_route=%2Fwp%2Fv2%2Fcategories&post=20158"},{"taxonomy":"post_tag","embeddable":true,"href":"https:\/\/www.latempete.info\/index.php?rest_route=%2Fwp%2Fv2%2Ftags&post=20158"}],"curies":[{"name":"wp","href":"https:\/\/api.w.org\/{rel}","templated":true}]}}