{"id":21022,"date":"2017-04-11T09:25:57","date_gmt":"2017-04-11T09:25:57","guid":{"rendered":"http:\/\/www.latempete.info\/?p=21022"},"modified":"2017-04-11T09:25:57","modified_gmt":"2017-04-11T09:25:57","slug":"du-15-au-22-mai","status":"publish","type":"post","link":"https:\/\/www.latempete.info\/?p=21022","title":{"rendered":"Du 15 au 22 mai : Kinshasa abrite les \u00e9liminatoires de volley-ball en salle d&rsquo;Afrique centrale"},"content":{"rendered":"<p style=\"text-align: justify;\">La capitale de la R\u00e9publique d\u00e9mocratique du Congo est-elle devenue l&rsquo;\u00e9picentre de la balle au filet du centre de l&rsquo;Afrique ? On est tent\u00e9 de le croire avec la s\u00e9rie des comp\u00e9titions de volley-ball qui s&rsquo;y organise ce dernier temps. Apr\u00e8s les \u00e9liminatoires, zone 4, de beach-volley sur le sable fin de Nganda Yala dans la commune de la N&rsquo;sele, place au volley-ball en salle.<\/p>\n<p style=\"text-align: justify;\">Du 15 au 22 mai prochain, en effet, Kinshasa abrite les \u00e9liminatoires pour l&rsquo;Afrique centrale de la balle au panier pratiqu\u00e9e en salle. Ce, devant le d\u00e9sistement du\u00a0 Gabon qui avait initialement\u00a0 accept\u00e9 d&rsquo;organiser cette comp\u00e9tition. La RDC assumant le secr\u00e9tariat g\u00e9n\u00e9ral de l&rsquo;instance zonale\u00a0 \u00e0 travers Shakob Woot, le responsable de l&rsquo;administration de la F\u00e9d\u00e9ration congolaise de volley-ball.<\/p>\n<p style=\"text-align: justify;\">D\u00e9j\u00e0, outre le Congo d\u00e9mocratique l&rsquo;organisateur, le Cameroun, le Gabon, le Congo-Brazzaville et le Tchad ont confirm\u00e9 leur participation. La comp\u00e9tition se d\u00e9roulera dans les deux versions\u00a0 dont les vainqueurs se qualifieront pour la prochaine Coupe d&rsquo;Afrique des nations. En l&rsquo;absence des salles\u00a0 de en RDC, les matches se disputeront certainement au stadium des Martyrs.\u00a0 Pour la CAN, elle aura lieu au Cameroun pour les filles, tandis que les gar\u00e7ons se retrouveront en Alg\u00e9rie.<\/p>\n<p style=\"text-align: justify;\">Par JC Lomboto<\/p>\n","protected":false},"excerpt":{"rendered":"<p>La capitale de la R\u00e9publique d\u00e9mocratique du Congo est-elle devenue l&rsquo;\u00e9picentre de la balle au filet du centre de l&rsquo;Afrique ? On est tent\u00e9 de le croire avec la s\u00e9rie des comp\u00e9titions de volley-ball qui s&rsquo;y organise ce dernier temps. Apr\u00e8s les \u00e9liminatoires, zone 4, de beach-volley sur le sable fin de Nganda Yala dans [&hellip;]<\/p>\n","protected":false},"author":1,"featured_media":17556,"comment_status":"open","ping_status":"open","sticky":false,"template":"","format":"standard","meta":{"footnotes":""},"categories":[134,6,968],"tags":[],"class_list":["post-21022","post","type-post","status-publish","format-standard","has-post-thumbnail","hentry","category-la-tempete-des-tropiques","category-sport","category-volley-ball"],"_links":{"self":[{"href":"https:\/\/www.latempete.info\/index.php?rest_route=\/wp\/v2\/posts\/21022"}],"collection":[{"href":"https:\/\/www.latempete.info\/index.php?rest_route=\/wp\/v2\/posts"}],"about":[{"href":"https:\/\/www.latempete.info\/index.php?rest_route=\/wp\/v2\/types\/post"}],"author":[{"embeddable":true,"href":"https:\/\/www.latempete.info\/index.php?rest_route=\/wp\/v2\/users\/1"}],"replies":[{"embeddable":true,"href":"https:\/\/www.latempete.info\/index.php?rest_route=%2Fwp%2Fv2%2Fcomments&post=21022"}],"version-history":[{"count":1,"href":"https:\/\/www.latempete.info\/index.php?rest_route=\/wp\/v2\/posts\/21022\/revisions"}],"predecessor-version":[{"id":21023,"href":"https:\/\/www.latempete.info\/index.php?rest_route=\/wp\/v2\/posts\/21022\/revisions\/21023"}],"wp:featuredmedia":[{"embeddable":true,"href":"https:\/\/www.latempete.info\/index.php?rest_route=\/wp\/v2\/media\/17556"}],"wp:attachment":[{"href":"https:\/\/www.latempete.info\/index.php?rest_route=%2Fwp%2Fv2%2Fmedia&parent=21022"}],"wp:term":[{"taxonomy":"category","embeddable":true,"href":"https:\/\/www.latempete.info\/index.php?rest_route=%2Fwp%2Fv2%2Fcategories&post=21022"},{"taxonomy":"post_tag","embeddable":true,"href":"https:\/\/www.latempete.info\/index.php?rest_route=%2Fwp%2Fv2%2Ftags&post=21022"}],"curies":[{"name":"wp","href":"https:\/\/api.w.org\/{rel}","templated":true}]}}