{"id":24059,"date":"2017-08-02T07:46:50","date_gmt":"2017-08-02T07:46:50","guid":{"rendered":"http:\/\/www.latempete.info\/?p=24059"},"modified":"2017-08-02T07:46:50","modified_gmt":"2017-08-02T07:46:50","slug":"24059-2","status":"publish","type":"post","link":"https:\/\/www.latempete.info\/?p=24059","title":{"rendered":"Pr\u00e9vue  pour  le lundi  31 juillet dernier : La collation des grades acad\u00e9miques renvoy\u00e9e \u00e0 une date ult\u00e9rieure \u00e0 L\u2019ISC\/Kinshasa"},"content":{"rendered":"<p style=\"text-align: justify;\">Pour des raisons jusque-l\u00e0 inconnues, les c\u00e9r\u00e9monies de collation des grades acad\u00e9miques, pr\u00e9vues pour le lundi le 31 juillet dernier dans toutes les universit\u00e9s et instituts sup\u00e9rieurs tant publics que priv\u00e9s, ont finalement eu lieu, sauf \u00e0 l\u2019Institut Sup\u00e9rieur de Commerce de Kinshasa, o\u00f9 la c\u00e9r\u00e9monie a \u00e9t\u00e9 brusquement renvoy\u00e9e \u00e0 une date ult\u00e9rieure.<\/p>\n<p style=\"text-align: justify;\">Arriv\u00e9s avec ponctualit\u00e9 sur le site pr\u00e9vu pour la circonstance, les \u00e9tudiants\u00a0 b\u00e9n\u00e9ficiaires de cette collation \u00e9taient tous surpris de constater que d\u00e9j\u00e0 \u00e0 8 heures, il y avait devant cet \u00e9tablissement deux jeeps de la police et une forte pr\u00e9sence de policiers munis d\u2019armes \u00e0 feu et lance- grenades lacrymog\u00e8ne gaz pour emp\u00eacher l\u2019acc\u00e8s des \u00e9tudiants \u00e0 l\u2019int\u00e9rieur.<\/p>\n<p style=\"text-align: justify;\">Ces derniers sont donc rest\u00e9s impuissants de l\u2019autre c\u00f4t\u00e9 de l\u2019avenue de la lib\u00e9ration (ex 24 novembre), se\u00a0 questionnant sur leur sort. Ceux d\u2019entre-eux qui voulaient\u00a0 y entrer par la force ont vite \u00e9t\u00e9 dispers\u00e9s par les hommes en uniforme d\u00e9ploy\u00e9s surplace. Ces derniers ont affirm\u00e9 qu\u2019ils ob\u00e9issaient aux ordres de leur hi\u00e9rarchie.<\/p>\n<p><strong>Tensions\u00a0 entre les comit\u00e9s sortant et entrant<\/strong><\/p>\n<p style=\"text-align: justify;\">D\u2019apr\u00e8s certaines sources, les raisons du report de cette c\u00e9r\u00e9monie \u00e0 une date ult\u00e9rieure seraient dues aux vives tensions existant entre les comit\u00e9s sortant et entrant, pour lesquels il n\u2019y a pas eu de c\u00e9r\u00e9monie de remise et reprise. Il faut pr\u00e9ciser que le jour o\u00f9 cette c\u00e9r\u00e9monie \u00e9tait pr\u00e9vue,\u00a0 les membres du comit\u00e9 sortant \u00e9taient tous absents et tous les bureaux \u00e9taient ferm\u00e9s, ce qui n\u2019a pas permis au nouveau comit\u00e9 d\u2019acc\u00e9der aux\u00a0 bureaux.<\/p>\n<p style=\"text-align: justify;\">A la question de savoir si ce report \u00e9tait due en pr\u00e9vision de la marche\u00a0 programm\u00e9e dans la ville par la lutte pour le changement (LUCHA), le ministre de l\u2019Enseignement\u00a0 Sup\u00e9rieur et Universitaire, St\u00e8ve Mbikayi, a indiqu\u00e9, depuis le Kasa\u00ef Oriental o\u00f9 il se trouvait dans le m\u00eame cadre, que\u00a0 la non-tenue de la c\u00e9r\u00e9monie de collation des grades acad\u00e9miques n\u2019avait\u00a0 aucun rapport avec la marche organis\u00e9e par ce mouvement citoyen. L\u2019homme a plut\u00f4t affirm\u00e9 qu\u2019il y a une pression pour r\u00e9habiliter le comit\u00e9 Mbangala, suspendu la semaine derni\u00e8re.<\/p>\n<p style=\"text-align: justify;\">Pour rappel, St\u00e8ve Mbikayi avait suspendu , le lundi le 24 juillet dernier par arr\u00eat\u00e9 minist\u00e9riel, tout le comit\u00e9 de gestion de l\u2019Institut Sup\u00e9rieur de Commerce (ISC)\/Kinshasa, que dirigeait le professeur Mbangala depuis pr\u00e8s de deux ans, pour le remplacer le nouveau comit\u00e9, dirig\u00e9 par le professeur Armand Kabange Kitenge.<\/p>\n<p style=\"text-align: justify;\">Le ministre de l\u2019ESU reprochait \u00e0\u00a0 l\u2019ancien comit\u00e9 de confier la perception des frais acad\u00e9miques \u00e0 un priv\u00e9 pour les d\u00e9poser \u00e0 la banque, op\u00e9ration par laquelle chaque \u00e9tudiant payait sept dollars am\u00e9ricains, sans autorisation de la tutelle. Il lui reprochait aussi le d\u00e9tournement de l\u2019argent des dipl\u00f4mes\u00a0 et la mauvaise utilisation de l\u2019argent de construction.<\/p>\n<p><strong>Bruno Tshibala en guerre contre\u00a0 St\u00e8ve Mbikayi<\/strong><\/p>\n<p style=\"text-align: justify;\">La suspension par le ministre de tutelle\u00a0 du comit\u00e9 de gestion Mbangala l\u2019a fait entrer en guerre contre Bruno Tshibala, le Premier ministre. D\u2019une part, la loi donne comp\u00e9tence et pouvoir au ministre de l\u2019ESU de la gestion directe des instituts sup\u00e9rieurs et universitaires. D\u2019autre part, le Premier ministre\u00a0 est le chef direct du ministre de l\u2019ESU\u00a0? Qui a alors raison? Mais ce qui est s\u00fbre, au moment o\u00f9 nous bouclions cette \u00e9dition, tout \u00e9tait encore bloqu\u00e9 \u00e0 l\u2019ISC.<\/p>\n<p><em><strong>Par Thony Kambila<\/strong><\/em><\/p>\n","protected":false},"excerpt":{"rendered":"<p>Pour des raisons jusque-l\u00e0 inconnues, les c\u00e9r\u00e9monies de collation des grades acad\u00e9miques, pr\u00e9vues pour le lundi le 31 juillet dernier dans toutes les universit\u00e9s et instituts sup\u00e9rieurs tant publics que priv\u00e9s, ont finalement eu lieu, sauf \u00e0 l\u2019Institut Sup\u00e9rieur de Commerce de Kinshasa, o\u00f9 la c\u00e9r\u00e9monie a \u00e9t\u00e9 brusquement renvoy\u00e9e \u00e0 une date ult\u00e9rieure. Arriv\u00e9s [&hellip;]<\/p>\n","protected":false},"author":1,"featured_media":24060,"comment_status":"open","ping_status":"open","sticky":false,"template":"","format":"standard","meta":{"footnotes":""},"categories":[136,42,134,10,919],"tags":[],"class_list":["post-24059","post","type-post","status-publish","format-standard","has-post-thumbnail","hentry","category-a-la-une","category-education","category-la-tempete-des-tropiques","category-societe","category-universite"],"_links":{"self":[{"href":"https:\/\/www.latempete.info\/index.php?rest_route=\/wp\/v2\/posts\/24059"}],"collection":[{"href":"https:\/\/www.latempete.info\/index.php?rest_route=\/wp\/v2\/posts"}],"about":[{"href":"https:\/\/www.latempete.info\/index.php?rest_route=\/wp\/v2\/types\/post"}],"author":[{"embeddable":true,"href":"https:\/\/www.latempete.info\/index.php?rest_route=\/wp\/v2\/users\/1"}],"replies":[{"embeddable":true,"href":"https:\/\/www.latempete.info\/index.php?rest_route=%2Fwp%2Fv2%2Fcomments&post=24059"}],"version-history":[{"count":1,"href":"https:\/\/www.latempete.info\/index.php?rest_route=\/wp\/v2\/posts\/24059\/revisions"}],"predecessor-version":[{"id":24061,"href":"https:\/\/www.latempete.info\/index.php?rest_route=\/wp\/v2\/posts\/24059\/revisions\/24061"}],"wp:featuredmedia":[{"embeddable":true,"href":"https:\/\/www.latempete.info\/index.php?rest_route=\/wp\/v2\/media\/24060"}],"wp:attachment":[{"href":"https:\/\/www.latempete.info\/index.php?rest_route=%2Fwp%2Fv2%2Fmedia&parent=24059"}],"wp:term":[{"taxonomy":"category","embeddable":true,"href":"https:\/\/www.latempete.info\/index.php?rest_route=%2Fwp%2Fv2%2Fcategories&post=24059"},{"taxonomy":"post_tag","embeddable":true,"href":"https:\/\/www.latempete.info\/index.php?rest_route=%2Fwp%2Fv2%2Ftags&post=24059"}],"curies":[{"name":"wp","href":"https:\/\/api.w.org\/{rel}","templated":true}]}}