{"id":30849,"date":"2018-07-27T06:49:53","date_gmt":"2018-07-27T06:49:53","guid":{"rendered":"http:\/\/www.latempete.info\/?p=30849"},"modified":"2018-07-27T06:49:53","modified_gmt":"2018-07-27T06:49:53","slug":"30849-2","status":"publish","type":"post","link":"https:\/\/www.latempete.info\/?p=30849","title":{"rendered":"Elections 2018 : l\u2019ins\u00e9curit\u00e9 continue de faire planer le doute"},"content":{"rendered":"<p style=\"text-align: justify;\">\n<em><strong>Selon une source cit\u00e9e par Radio Okapi, l\u2019arm\u00e9e r\u00e9guli\u00e8re \u00ab n\u2019aurait toujours pas re\u00e7u le mot d\u2019ordre pour intervenir et prot\u00e9ger la population civile \u00bb, notamment \u00e0 Uvira<\/strong><\/em><\/p>\n<p>Le calendrier \u00e9lectoral publi\u00e9 le 5 novembre 2017 par la Commission Electorale Nationale Ind\u00e9pendante (CENI) retient, parmi les pr\u00e9alables aux \u00e9lections du 23 d\u00e9cembre 2018, l\u2019\u00e9limination des poches d\u2019ins\u00e9curit\u00e9 sur toute l\u2019\u00e9tendue du territoire national de la RD Congo. En termes clairs, cette contrainte implique que les \u00e9lections ne peuvent pas \u00eatre organis\u00e9es si le climat d\u2019ins\u00e9curit\u00e9 persiste en RD Congo.<\/p>\n<p style=\"text-align: justify;\">Or, des sources dignes de foi signalent la persistance et, pis encore, la recrudescence, durant le mois de juillet en cours, des poches d\u2019ins\u00e9curit\u00e9 dans plusieurs endroits du territoire national, et particuli\u00e8rement dans la partie orientale.<\/p>\n<p style=\"text-align: justify;\">Cit\u00e9es par Radio Okapi, une cha\u00eene parrain\u00e9e par la MONUSCO, ces sources font \u00e9tat de la mort de cinq personnes tu\u00e9es par balles mardi 24 juillet et de la destruction de plusieurs maisons incendi\u00e9es dans le Sud-Kivu,\u00a0 au village de Nambindu, groupement de Kabindula, en territoire d\u2019Uvira.<\/p>\n<p style=\"text-align: justify;\">Tel est le bilan d\u2019une attaque attribu\u00e9e aux miliciens Twigwaneho Banyamulenge sur le village des d\u00e9plac\u00e9s Bafuliiru et Banyindu. D\u2019apr\u00e8s le chef de groupement de Bijombo, Tete Amisi, cit\u00e9 par la radio onusienne, la situation reste tr\u00e8s inqui\u00e9tante dans cette r\u00e9gion o\u00f9 l\u2019arm\u00e9e r\u00e9guli\u00e8re \u00ab n\u2019aurait toujours re\u00e7u le mot d\u2019ordre pour intervenir et prot\u00e9ger la population civile \u00bb.<\/p>\n<p><strong>Des attaques \u00e0 r\u00e9p\u00e9tition<\/strong><\/p>\n<p style=\"text-align: justify;\">D\u2019apr\u00e8s des sources locales, les pr\u00e9sum\u00e9s miliciens du groupe Twigwaneho ont r\u00e9ussi \u00e0 contourner un campement des FARDC bas\u00e9 \u00e0 Ruhuha. Ils se sont retranch\u00e9s, abandonnant presque tous le village en feu et emportant vaches, ch\u00e8vres, moutons\u2026<\/p>\n<p style=\"text-align: justify;\">Selon la m\u00eame source, lundi dernier, ces miliciens Bafuliiru-Banyindu avaient aussi attaqu\u00e9 le village de Kanono o\u00f9 sont h\u00e9berg\u00e9s les membres de la communaut\u00e9 Banyamulenge. Des vaches et des ch\u00e8vres avaient \u00e9t\u00e9 aussi emport\u00e9es. Trois autres personnes, dont deux femmes et un homme, ont \u00e9t\u00e9 tu\u00e9es par balle jeudi 5 juillet dans les Hauts-plateaux de Bijombo, en territoire d\u2019Uvira dans la province du Sud-Kivu.<\/p>\n<p style=\"text-align: justify;\">Les victimes sont des d\u00e9plac\u00e9s de la communaut\u00e9 Banyindu qui retournaient dans leur village pour chercher de la nourriture. Elles sont tomb\u00e9es dans une embuscade tendue par des miliciens Twigwaneho Banyamulenge, a indiqu\u00e9 Freddy Mwambi Kashngwa, notable de la r\u00e9gion qui s\u2019est aussi refugi\u00e9 \u00e0 Uvira.<\/p>\n<p style=\"text-align: justify;\">\u00ab\u00a0Toute la population a abandonn\u00e9 les villages. Certaines personnes sont parties vers la for\u00eat d\u2019Itombwe, d\u2019autres \u00e0 Fizi, Uvira\u2026 Tous les villages ont \u00e9t\u00e9 incendi\u00e9s. Il ne reste que quelques villages prot\u00e9g\u00e9s par les FARDC, o\u00f9 sont mass\u00e9es les populations issues de toutes les communaut\u00e9s.\u00a0 Il faut que le Gouvernement s\u00e9curise toute la population. Chaque groupe a droit \u00e0 la paix et \u00e0 la s\u00e9curit\u00e9\u00a0\u00bb, a affirm\u00e9 Freddy Mwambi Kashngwa.<\/p>\n<p><strong>Les soldats appel\u00e9s \u00e0 prot\u00e9ger la population<\/strong><\/p>\n<p style=\"text-align: justify;\">Dans le m\u00eame ordre d\u2019id\u00e9es, la soci\u00e9t\u00e9 civile de Beni au Nord-Kivu, d\u00e9nonce la recrudescence de l\u2019ins\u00e9curit\u00e9 caract\u00e9ris\u00e9e par des assassinats des civils \u00e0 Mambango, un quartier situ\u00e9 dans la p\u00e9riph\u00e9rie du Sud-Ouest de la ville de Beni. Pr\u00e9sident de cette soci\u00e9t\u00e9 civile, le R\u00e9v\u00e9rend pasteur Gilbert Kambale, a affirm\u00e9 que trois civils ont \u00e9t\u00e9 tu\u00e9s par balles, dans l\u2019intervalle de deux mois, \u00e0 c\u00f4t\u00e9 d\u2019un camp militaire des Forces Arm\u00e9es de la RDC (FARDC).<\/p>\n<p style=\"text-align: justify;\">\u00ab\u00a0C\u2019est une grande inqui\u00e9tude par rapport \u00e0 l\u2019ins\u00e9curit\u00e9 qui a \u00e9lu domicile \u00e0 Mambango, en l\u2019espace de deux mois\u00a0; 3 civils ont \u00e9t\u00e9 tu\u00e9s, dont certains par balle, et le dernier cas en date c\u2019est une dame qui a \u00e9t\u00e9 tu\u00e9e en date du 11 Juillet et on a retrouv\u00e9 le corps le 12 juillet le matin\u00a0\u00bb, a condamn\u00e9 le R\u00e9v\u00e9rend pasteur Gilbert Kambale qui\u00a0 ne comprend pas que ces personnes soient tu\u00e9es \u00e0 proximit\u00e9 du camp militaire, alors que les soldats sont appel\u00e9s \u00e0 s\u00e9curiser la population.<\/p>\n<p><strong>L\u2019ins\u00e9curit\u00e9 perturbe le travail de la CENI \u00e0 Beni<\/strong><\/p>\n<p style=\"text-align: justify;\">Les chefs d\u2019Antenne de la CENI dans les villes de Beni et Butembo n\u2019ont pas cl\u00f4tur\u00e9 l\u2019op\u00e9ration de r\u00e9ception des candidatures jusqu\u2019\u00e0 minuit, comme le recommandent les autorit\u00e9s comp\u00e9tentes.<br \/>\nL\u2019ins\u00e9curit\u00e9 qui r\u00e8gne dans cette partie de la province du Nord-Kivu a contraint les responsables de la CENI \u00e0 arr\u00eater le travail de traitement des dossiers avant l\u2019heure indiqu\u00e9e pour mettre \u00e0 l\u2019abri le personnel.<\/p>\n<p style=\"text-align: justify;\">\u00ab\u00a0Nous sommes proches de Beni et tout le grand Nord bouillonne avec l\u2019ins\u00e9curit\u00e9 provoqu\u00e9e par des miliciens. Alors, \u00e7a nous affecte tellement. Mais, nous avons quand m\u00eame fourni des efforts. Nous sommes all\u00e9s jusqu\u2019\u00e0 21 heures. Il n\u2019y avait pas moyen d\u2019aller jusqu\u2019\u00e0 z\u00e9ro heure comme nous a recommand\u00e9 la haute hi\u00e9rarchie\u00a0\u00bb, a affirm\u00e9 Mme Georgette Kibendelwa, cheffe d\u2019antenne de la CENI dans la ville de Butembo, sur les antennes de Radio Okapi.<\/p>\n<p><strong>La solution<\/strong><\/p>\n<p style=\"text-align: justify;\">Pour leur part, les analystes estiment que, pour conna\u00eetre la cause r\u00e9elle de ce climat, il suffit de se demander \u00e0 qui il profite. Dans le cas \u00e9ch\u00e9ant, ce climat malsain profite au pouvoir en place qui, selon toute vraisemblance, cherche \u00e0 rendre le pays invivable pour ne pas organiser les \u00e9lections et se maintenir le plus longtemps possible. Pour faire \u00e9chec \u00e0 ce projet macabre, la communaut\u00e9 internationale est appel\u00e9e \u00e0 neutraliser\u00a0 ce pouvoir et \u00e0 superviser les \u00e9lections transparentes et apais\u00e9es.<\/p>\n<p><em><strong>Par Asiyeshindwa<\/strong><\/em><\/p>\n","protected":false},"excerpt":{"rendered":"<p>Selon une source cit\u00e9e par Radio Okapi, l\u2019arm\u00e9e r\u00e9guli\u00e8re \u00ab n\u2019aurait toujours pas re\u00e7u le mot d\u2019ordre pour intervenir et prot\u00e9ger la population civile \u00bb, notamment \u00e0 Uvira Le calendrier \u00e9lectoral publi\u00e9 le 5 novembre 2017 par la Commission Electorale Nationale Ind\u00e9pendante (CENI) retient, parmi les pr\u00e9alables aux \u00e9lections du 23 d\u00e9cembre 2018, l\u2019\u00e9limination des [&hellip;]<\/p>\n","protected":false},"author":1,"featured_media":0,"comment_status":"open","ping_status":"open","sticky":false,"template":"","format":"standard","meta":{"footnotes":""},"categories":[136,134,130,5,25],"tags":[],"class_list":["post-30849","post","type-post","status-publish","format-standard","hentry","category-a-la-une","category-la-tempete-des-tropiques","category-nation","category-politique","category-province"],"_links":{"self":[{"href":"https:\/\/www.latempete.info\/index.php?rest_route=\/wp\/v2\/posts\/30849"}],"collection":[{"href":"https:\/\/www.latempete.info\/index.php?rest_route=\/wp\/v2\/posts"}],"about":[{"href":"https:\/\/www.latempete.info\/index.php?rest_route=\/wp\/v2\/types\/post"}],"author":[{"embeddable":true,"href":"https:\/\/www.latempete.info\/index.php?rest_route=\/wp\/v2\/users\/1"}],"replies":[{"embeddable":true,"href":"https:\/\/www.latempete.info\/index.php?rest_route=%2Fwp%2Fv2%2Fcomments&post=30849"}],"version-history":[{"count":1,"href":"https:\/\/www.latempete.info\/index.php?rest_route=\/wp\/v2\/posts\/30849\/revisions"}],"predecessor-version":[{"id":30850,"href":"https:\/\/www.latempete.info\/index.php?rest_route=\/wp\/v2\/posts\/30849\/revisions\/30850"}],"wp:attachment":[{"href":"https:\/\/www.latempete.info\/index.php?rest_route=%2Fwp%2Fv2%2Fmedia&parent=30849"}],"wp:term":[{"taxonomy":"category","embeddable":true,"href":"https:\/\/www.latempete.info\/index.php?rest_route=%2Fwp%2Fv2%2Fcategories&post=30849"},{"taxonomy":"post_tag","embeddable":true,"href":"https:\/\/www.latempete.info\/index.php?rest_route=%2Fwp%2Fv2%2Ftags&post=30849"}],"curies":[{"name":"wp","href":"https:\/\/api.w.org\/{rel}","templated":true}]}}