{"id":32294,"date":"2018-10-03T11:22:28","date_gmt":"2018-10-03T11:22:28","guid":{"rendered":"http:\/\/www.latempete.info\/?p=32294"},"modified":"2018-10-03T11:22:28","modified_gmt":"2018-10-03T11:22:28","slug":"32294-2","status":"publish","type":"post","link":"https:\/\/www.latempete.info\/?p=32294","title":{"rendered":"Atou Matubuana : nouveau Secr\u00e9taire Ex\u00e9cutif provincial du PPRD"},"content":{"rendered":"<p style=\"text-align: justify;\">Samedi 29 septembre 2018, Willy Ngokoso, Secr\u00e9taire National Adjoint du Parti du Peuple pour la Reconstruction et la D\u00e9mocratie (PPRD) charg\u00e9 de L\u00e9opoldville, englobant respectivement la ville-province de Kinshasa, la province du Kongo Central ainsi que l&rsquo;ex. province du Bandundu, a s\u00e9journ\u00e9 \u00e0 Matadi, capitale de la province du Kongo Central, o\u00f9 il a proc\u00e9d\u00e9 \u00e0 l&rsquo;installation officielle d&rsquo;Atou Matubuana Nkuluki en qualit\u00e9 de nouveau Secr\u00e9taire Ex\u00e9cutif Provincial du PPRD\/Kongo Central, en remplacement de feu le gouverneur Jacques Mbadu Nsitu di Mavungu, d\u00e9c\u00e9d\u00e9 au mois de juillet dernier \u00e0 Kinshasa.<\/p>\n<p style=\"text-align: justify;\">La c\u00e9r\u00e9monie a concern\u00e9 aussi quelques membres des comit\u00e9s territoriaux du parti pr\u00e9sidentiel qui n&rsquo;\u00e9taient pas encore install\u00e9s jusque-l\u00e0. Cette manifestation qui avait pour cadre la grande salle polyvalente de l&rsquo;h\u00f4tel Ledya, s&rsquo;est en effet d\u00e9roul\u00e9e en pr\u00e9sence de plusieurs personnalit\u00e9s et autres cadres du PPRD venus de Kinshasa. Parmi lesquels l&rsquo;honorable Simon Floribert Mbatshi Mbatshia, d\u00e9put\u00e9 national et gouverneur honoraire du Kongo central et Mme Marie Madeleine Mienze Kiaku, vice-gouverneur honoraire de cette m\u00eame province.<\/p>\n<p style=\"text-align: justify;\">Il sied de signaler que dans sa lourde t\u00e2che, le nouveau Secr\u00e9taire Ex\u00e9cutif Provincial du PPRD\/Kongo Central sera second\u00e9 par les honorables Marie-Jos\u00e9 Mfulu Masaka et M\u00fcller Luthelo, tous deux Secr\u00e9taires Ex\u00e9cutifs Provinciaux Adjoints charg\u00e9s respectivement des questions politiques pour le premier cit\u00e9 et des finances pour le second.<\/p>\n<p style=\"text-align: justify;\">A noter que cette nouvelle \u00e9quipe, comme l&rsquo;a expliqu\u00e9 Willy Ngokoso, aura pour principale mission de peaufiner des strat\u00e9gies en faveur d&rsquo;Emmanuel Ramazani Shadari, candidat du Front Commun pour le Congo (FCC) et dauphin d\u00e9sign\u00e9 par le Chef de l&rsquo;Etat Joseph Kabila Kabange, autorit\u00e9 morale du parti.<\/p>\n<p style=\"text-align: justify;\"><em><strong>Par Dieudonn\u00e9 Muaka Dimbi<\/strong><\/em><\/p>\n","protected":false},"excerpt":{"rendered":"<p>Samedi 29 septembre 2018, Willy Ngokoso, Secr\u00e9taire National Adjoint du Parti du Peuple pour la Reconstruction et la D\u00e9mocratie (PPRD) charg\u00e9 de L\u00e9opoldville, englobant respectivement la ville-province de Kinshasa, la province du Kongo Central ainsi que l&rsquo;ex. province du Bandundu, a s\u00e9journ\u00e9 \u00e0 Matadi, capitale de la province du Kongo Central, o\u00f9 il a proc\u00e9d\u00e9 [&hellip;]<\/p>\n","protected":false},"author":1,"featured_media":31615,"comment_status":"open","ping_status":"open","sticky":false,"template":"","format":"standard","meta":{"footnotes":""},"categories":[134,130,5,25],"tags":[],"class_list":["post-32294","post","type-post","status-publish","format-standard","has-post-thumbnail","hentry","category-la-tempete-des-tropiques","category-nation","category-politique","category-province"],"_links":{"self":[{"href":"https:\/\/www.latempete.info\/index.php?rest_route=\/wp\/v2\/posts\/32294"}],"collection":[{"href":"https:\/\/www.latempete.info\/index.php?rest_route=\/wp\/v2\/posts"}],"about":[{"href":"https:\/\/www.latempete.info\/index.php?rest_route=\/wp\/v2\/types\/post"}],"author":[{"embeddable":true,"href":"https:\/\/www.latempete.info\/index.php?rest_route=\/wp\/v2\/users\/1"}],"replies":[{"embeddable":true,"href":"https:\/\/www.latempete.info\/index.php?rest_route=%2Fwp%2Fv2%2Fcomments&post=32294"}],"version-history":[{"count":1,"href":"https:\/\/www.latempete.info\/index.php?rest_route=\/wp\/v2\/posts\/32294\/revisions"}],"predecessor-version":[{"id":32295,"href":"https:\/\/www.latempete.info\/index.php?rest_route=\/wp\/v2\/posts\/32294\/revisions\/32295"}],"wp:featuredmedia":[{"embeddable":true,"href":"https:\/\/www.latempete.info\/index.php?rest_route=\/wp\/v2\/media\/31615"}],"wp:attachment":[{"href":"https:\/\/www.latempete.info\/index.php?rest_route=%2Fwp%2Fv2%2Fmedia&parent=32294"}],"wp:term":[{"taxonomy":"category","embeddable":true,"href":"https:\/\/www.latempete.info\/index.php?rest_route=%2Fwp%2Fv2%2Fcategories&post=32294"},{"taxonomy":"post_tag","embeddable":true,"href":"https:\/\/www.latempete.info\/index.php?rest_route=%2Fwp%2Fv2%2Ftags&post=32294"}],"curies":[{"name":"wp","href":"https:\/\/api.w.org\/{rel}","templated":true}]}}