{"id":32303,"date":"2018-10-04T08:41:57","date_gmt":"2018-10-04T08:41:57","guid":{"rendered":"http:\/\/www.latempete.info\/?p=32303"},"modified":"2018-10-04T08:41:57","modified_gmt":"2018-10-04T08:41:57","slug":"32303-2","status":"publish","type":"post","link":"https:\/\/www.latempete.info\/?p=32303","title":{"rendered":"Selon la coordonatrice d&rsquo;ACORDEPE : La 3\u00e8me FAIKIN organis\u00e9e \u00e0 Kinshasa n&rsquo;avait rien d&rsquo;agricole !"},"content":{"rendered":"<p style=\"text-align: justify;\">Organis\u00e9e du 14 au 23 septembre 2018 dernier\u00a0 dans l&rsquo;enceinte de l&rsquo;Acad\u00e9mie des beaux arts \u00e0 Kinshasa, la 3\u00e8me \u00e9dition de la foire agricole internationale de Kinshasa(FAIKIN) n&rsquo;avait rien d&rsquo;agricole comme le nom l&rsquo;a indiqu\u00e9. Tel est le constat fait\u00a0 par Mme Martine Safi Kazadi, coordonatrice de l&rsquo;ONGD Appui \u00e0 la communaut\u00e9 rurale pour le d\u00e9veloppement durable et protection de l&rsquo;environnement (ACORDEPE).<\/p>\n<p style=\"text-align: justify;\">Appelant toutes les parties concern\u00e9es \u00e0 la prise de conscience, la coordonatrice de l&rsquo;ACORDEPE a rappel\u00e9 que l&rsquo;agriculture ne se d\u00e9cr\u00e8te pas. Au contraire, c&rsquo;est un travail de terrain qui n\u00e9cessite beaucoup d&rsquo;efforts et une bonne dose de conscience.<\/p>\n<p style=\"text-align: justify;\">Elle s&rsquo;est \u00e9galement dit choqu\u00e9e et triste de constater que la foire organis\u00e9e r\u00e9cemment- dans l&rsquo;enceinte de l&rsquo;Acad\u00e9mie des Beaux Arts de Kinshasa puisse changer de contexte pour exposer des produits import\u00e9s, la musique et les restaurants de fortune, en lieu et place des produits congolais.<br \/>\nA en croire Mme Martine Safi, la 3\u00e8me\u00a0 \u00e9dition de FAIKIN 2018 a \u00e9t\u00e9 plus domin\u00e9e non seulement par les concerts livr\u00e9s par diff\u00e9rents musiciens de la capitale, mais aussi et surtout par des restaurants\u00a0 de fortune appel\u00e9s commun\u00e9ment \u00a0\u00bb Malewa \u00ab\u00a0.<\/p>\n<p style=\"text-align: justify;\"><strong>Retour \u00e0 la terre<\/strong><\/p>\n<p style=\"text-align: justify;\">Insistant sur l&rsquo;importance de retourner au travail de la terre, Mme Martine Safi exhorte les organisateurs de ce grand rendez-vous manqu\u00e9 \u00e0 prendre d\u00e9sormais du temps pour organiser ce cadre cens\u00e9 offrir aux filles et fils du pays l&rsquo;occasion de venir exposer des produits agricoles congolais, fruits de leur travail.<\/p>\n<p style=\"text-align: justify;\">Impliqu\u00e9e depuis des longues ann\u00e9es dans le secteur agricole, Mme Safi Kazadi dit disposer de grands espaces o\u00f9 elle exerce le travail de la terre qui\u00a0 nourrit des milliers de congolais. Elle encadre et accompagne tous ceux qui veulent \u00e9merger dans le domaine de l&rsquo;agriculture et l&rsquo;\u00e9levage. Elle s&rsquo;est faite remarqu\u00e9e par sa vari\u00e9t\u00e9 de ma\u00efs JKK qu&rsquo;elle a pris soin de pr\u00e9senter au public congolais il ya quelques mois.<\/p>\n<p style=\"text-align: justify;\">Selon elle, ce secteur cens\u00e9 contribuer au d\u00e9veloppement \u00e9conomique du pays est jusque-l\u00e0 sous-utilis\u00e9, avec seulement 10% de terres arables exploit\u00e9es. Pourtant, la RD Congo regorge 80 millions d&rsquo;hectares de terres arables, 40 millions d&rsquo;hectares de terres irrigables et des vastes \u00e9tendues de p\u00e2turages qui permettent au secteur agricole congolais d&rsquo;\u00eatre un maillon important de l&rsquo;\u00e9conomie nationale.<\/p>\n<p style=\"text-align: justify;\">Pour rappel, la 3\u00e8me \u00e9dition de la foire agricole internationale de Kinshasa a \u00e9t\u00e9 organis\u00e9e par le minist\u00e8re provincial de l&rsquo;agriculture pour inciter\u00a0 les op\u00e9rateurs \u00e9conomiques \u00e0 investir davantage dans le secteur agricole en R\u00e9publique D\u00e9mocratique du Congo. Elle avait pour th\u00e8me : \u00a0\u00bb Nourrir la population et exporter \u00ab\u00a0.<\/p>\n<p style=\"text-align: justify;\"><em><strong>Par Thony Kambila<\/strong><\/em><\/p>\n","protected":false},"excerpt":{"rendered":"<p>Organis\u00e9e du 14 au 23 septembre 2018 dernier\u00a0 dans l&rsquo;enceinte de l&rsquo;Acad\u00e9mie des beaux arts \u00e0 Kinshasa, la 3\u00e8me \u00e9dition de la foire agricole internationale de Kinshasa(FAIKIN) n&rsquo;avait rien d&rsquo;agricole comme le nom l&rsquo;a indiqu\u00e9. Tel est le constat fait\u00a0 par Mme Martine Safi Kazadi, coordonatrice de l&rsquo;ONGD Appui \u00e0 la communaut\u00e9 rurale pour le [&hellip;]<\/p>\n","protected":false},"author":1,"featured_media":32304,"comment_status":"open","ping_status":"open","sticky":false,"template":"","format":"standard","meta":{"footnotes":""},"categories":[41,7,39,134,40,121],"tags":[],"class_list":["post-32303","post","type-post","status-publish","format-standard","has-post-thumbnail","hentry","category-commerce","category-economie","category-investissement","category-la-tempete-des-tropiques","category-marche","category-richesses-naturelles"],"_links":{"self":[{"href":"https:\/\/www.latempete.info\/index.php?rest_route=\/wp\/v2\/posts\/32303"}],"collection":[{"href":"https:\/\/www.latempete.info\/index.php?rest_route=\/wp\/v2\/posts"}],"about":[{"href":"https:\/\/www.latempete.info\/index.php?rest_route=\/wp\/v2\/types\/post"}],"author":[{"embeddable":true,"href":"https:\/\/www.latempete.info\/index.php?rest_route=\/wp\/v2\/users\/1"}],"replies":[{"embeddable":true,"href":"https:\/\/www.latempete.info\/index.php?rest_route=%2Fwp%2Fv2%2Fcomments&post=32303"}],"version-history":[{"count":1,"href":"https:\/\/www.latempete.info\/index.php?rest_route=\/wp\/v2\/posts\/32303\/revisions"}],"predecessor-version":[{"id":32305,"href":"https:\/\/www.latempete.info\/index.php?rest_route=\/wp\/v2\/posts\/32303\/revisions\/32305"}],"wp:featuredmedia":[{"embeddable":true,"href":"https:\/\/www.latempete.info\/index.php?rest_route=\/wp\/v2\/media\/32304"}],"wp:attachment":[{"href":"https:\/\/www.latempete.info\/index.php?rest_route=%2Fwp%2Fv2%2Fmedia&parent=32303"}],"wp:term":[{"taxonomy":"category","embeddable":true,"href":"https:\/\/www.latempete.info\/index.php?rest_route=%2Fwp%2Fv2%2Fcategories&post=32303"},{"taxonomy":"post_tag","embeddable":true,"href":"https:\/\/www.latempete.info\/index.php?rest_route=%2Fwp%2Fv2%2Ftags&post=32303"}],"curies":[{"name":"wp","href":"https:\/\/api.w.org\/{rel}","templated":true}]}}