{"id":32308,"date":"2018-10-04T09:01:12","date_gmt":"2018-10-04T09:01:12","guid":{"rendered":"http:\/\/www.latempete.info\/?p=32308"},"modified":"2018-10-04T09:01:12","modified_gmt":"2018-10-04T09:01:12","slug":"lutte-contre-ebola-en-rdc","status":"publish","type":"post","link":"https:\/\/www.latempete.info\/?p=32308","title":{"rendered":"Lutte contre Ebola en RDC : L&rsquo;OMS  appelle \u00e0 la protection des civils et des humanitaires \u00e0 Beni et en Ituri"},"content":{"rendered":"<p style=\"text-align: justify;\">Dans un communiqu\u00e9 de presse rendu public la semaine derni\u00e8re, l&rsquo;Organisation Mondiale de la Sant\u00e9 (OMS) en R\u00e9publique D\u00e9mocratique du Congo a indiqu\u00e9\u00a0 que\u00a0 la riposte \u00e0 la flamb\u00e9e de maladie \u00e0 virus Ebola dans les provinces du Nord-Kivu et en Ituri conna\u00eet un moment critique.<\/p>\n<p style=\"text-align: justify;\">Selon\u00a0 l&rsquo;OMS,\u00a0 cette riposte est menac\u00e9e par la d\u00e9gradation des conditions de s\u00e9curit\u00e9 dans cette partie du pays,\u00a0 la m\u00e9fiance des communaut\u00e9s touch\u00e9es et par la propagation de l&rsquo;\u00e9pid\u00e9mie \u00e0 des zones auparavant indemnes. Ainsi, l&rsquo;OMS redoute que\u00a0 l&rsquo;action \u00e9nerg\u00e9tique d\u00e9j\u00e0 men\u00e9e par les pouvoirs publics en synergie avec l&rsquo;OMS, d&rsquo;autres partenaires des Nations Unies, des ONG et\u00a0 la soci\u00e9t\u00e9 civile pour baisser le nombre de cas, puisse \u00eatre r\u00e9duite \u00e0 n\u00e9ant.<\/p>\n<p><strong>L&rsquo;impact des conflits arm\u00e9s<\/strong><\/p>\n<p style=\"text-align: justify;\">Les attaques perp\u00e9tr\u00e9es fr\u00e9quemment par des groupes arm\u00e9s dans la ville de B\u00e9ni, au Nord-Kivu, o\u00f9 a \u00e9t\u00e9 install\u00e9 le quartier g\u00e9n\u00e9ral pour la riposte contre l&rsquo;\u00e9pid\u00e9mie avaient occasionn\u00e9 la suspension des op\u00e9rations pendant deux jours, apr\u00e8s une attaque arm\u00e9e ayant\u00a0 fait 21 morts dont 17 civils dans cette partie du pays. Pour permettre \u00e0 la ville de pleurer ses morts, il a \u00e9t\u00e9 demand\u00e9 \u00e0 l&rsquo;OMS et \u00e0 ses partenaires des Nations Unies de pouvoir suspendre leurs op\u00e9rations \u00e0 B\u00e9ni.<\/p>\n<p style=\"text-align: justify;\">Cette situation d&rsquo;ins\u00e9curit\u00e9 a fait que les agents de sant\u00e9 ne sont plus\u00a0 en mesure d&rsquo;atteindre les contacts des patients, afin de v\u00e9rifier leur \u00e9tat de sant\u00e9 ou d&rsquo;enqu\u00eater sur les cas potentiels signal\u00e9s.\u00a0 En outre, d&rsquo;autres personnes atteintes par la maladie \u00e0 virus Ebola sont oblig\u00e9s de parcourir de longues distances\u00a0 pour trouver d&rsquo;autres moyens de se soigner, s&rsquo;exposant ainsi, tout comme les membres de leurs familles et les agents de sant\u00e9, \u00e0 un risque, d\u00e9plore l&rsquo;OMS.<\/p>\n<p style=\"text-align: justify;\">Selon le communiqu\u00e9 de l&rsquo;OMS, l&rsquo;infection s\u00e9vit d\u00e9sormais \u00e0 d&rsquo;autres endroits o\u00f9 les \u00e9quipes ne peuvent pas donner acc\u00e8s au traitement ou administrer aux contacts les vaccins protecteurs, y compris dans les zones rouges qui sont difficiles d&rsquo;acc\u00e8s et dans les localit\u00e9s situ\u00e9es \u00e0 la fronti\u00e8re de l&rsquo;Ouganda. Face \u00e0 cette situation inqui\u00e9tante, l&rsquo;Organisation Mondiale de la Sant\u00e9 appelle\u00a0 toutes les parties concern\u00e9es et les pouvoirs publics ainsi que les groupes ayant une influence sur ces parties \u00e0 aider \u00e0 prot\u00e9ger les intervenants et les civils.<\/p>\n<p style=\"text-align: justify;\">L&rsquo;organisation demande \u00e9galement\u00a0 aux gouvernements des pays voisins \u00e0 acc\u00e9l\u00e9rer les activit\u00e9s de pr\u00e9paration qui ont d\u00e9j\u00e0 commenc\u00e9, avec le soutien de l&rsquo;OMS, afin d&rsquo;\u00eatre pr\u00eats si des cas de maladie \u00e0 virus Ebola survenaient.\u00a0 Notons qu&rsquo;\u00e0 la date du 25 septembre dernier, l&rsquo;OMS avait fait \u00e9tat des 151 personnes contamin\u00e9es par la maladie et 101 cas de d\u00e9c\u00e8s.<\/p>\n<p style=\"text-align: justify;\"><em><strong>Par TSM<\/strong><\/em><\/p>\n","protected":false},"excerpt":{"rendered":"<p>Dans un communiqu\u00e9 de presse rendu public la semaine derni\u00e8re, l&rsquo;Organisation Mondiale de la Sant\u00e9 (OMS) en R\u00e9publique D\u00e9mocratique du Congo a indiqu\u00e9\u00a0 que\u00a0 la riposte \u00e0 la flamb\u00e9e de maladie \u00e0 virus Ebola dans les provinces du Nord-Kivu et en Ituri conna\u00eet un moment critique. Selon\u00a0 l&rsquo;OMS,\u00a0 cette riposte est menac\u00e9e par la d\u00e9gradation [&hellip;]<\/p>\n","protected":false},"author":1,"featured_media":32309,"comment_status":"open","ping_status":"open","sticky":false,"template":"","format":"standard","meta":{"footnotes":""},"categories":[136,134,122,10],"tags":[],"class_list":["post-32308","post","type-post","status-publish","format-standard","has-post-thumbnail","hentry","category-a-la-une","category-la-tempete-des-tropiques","category-sante","category-societe"],"_links":{"self":[{"href":"https:\/\/www.latempete.info\/index.php?rest_route=\/wp\/v2\/posts\/32308"}],"collection":[{"href":"https:\/\/www.latempete.info\/index.php?rest_route=\/wp\/v2\/posts"}],"about":[{"href":"https:\/\/www.latempete.info\/index.php?rest_route=\/wp\/v2\/types\/post"}],"author":[{"embeddable":true,"href":"https:\/\/www.latempete.info\/index.php?rest_route=\/wp\/v2\/users\/1"}],"replies":[{"embeddable":true,"href":"https:\/\/www.latempete.info\/index.php?rest_route=%2Fwp%2Fv2%2Fcomments&post=32308"}],"version-history":[{"count":1,"href":"https:\/\/www.latempete.info\/index.php?rest_route=\/wp\/v2\/posts\/32308\/revisions"}],"predecessor-version":[{"id":32310,"href":"https:\/\/www.latempete.info\/index.php?rest_route=\/wp\/v2\/posts\/32308\/revisions\/32310"}],"wp:featuredmedia":[{"embeddable":true,"href":"https:\/\/www.latempete.info\/index.php?rest_route=\/wp\/v2\/media\/32309"}],"wp:attachment":[{"href":"https:\/\/www.latempete.info\/index.php?rest_route=%2Fwp%2Fv2%2Fmedia&parent=32308"}],"wp:term":[{"taxonomy":"category","embeddable":true,"href":"https:\/\/www.latempete.info\/index.php?rest_route=%2Fwp%2Fv2%2Fcategories&post=32308"},{"taxonomy":"post_tag","embeddable":true,"href":"https:\/\/www.latempete.info\/index.php?rest_route=%2Fwp%2Fv2%2Ftags&post=32308"}],"curies":[{"name":"wp","href":"https:\/\/api.w.org\/{rel}","templated":true}]}}