{"id":32312,"date":"2018-10-04T09:12:07","date_gmt":"2018-10-04T09:12:07","guid":{"rendered":"http:\/\/www.latempete.info\/?p=32312"},"modified":"2018-10-04T09:12:07","modified_gmt":"2018-10-04T09:12:07","slug":"32312-2","status":"publish","type":"post","link":"https:\/\/www.latempete.info\/?p=32312","title":{"rendered":"Budget 2019 : le projet de loi enfin d\u00e9pos\u00e9 \u00e0 l&rsquo;Assembl\u00e9e nationale"},"content":{"rendered":"<p style=\"text-align: justify;\"><em><strong>Ce budget est \u00e9valu\u00e9 \u00e0 5 milliards, 923 millions de dollars am\u00e9ricains<\/strong><\/em><\/p>\n<p>Le Premier ministre a d\u00e9pos\u00e9, hier mercredi 3 octobre, au Bureau de l&rsquo;Assembl\u00e9e nationale le projet de loi de finances de l&rsquo;exercice 2019.\u00a0 Bruno Tshibala Nzenzhe a \u00e9t\u00e9 re\u00e7u au Palais du peuple, si\u00e8ge du Parlement de la R\u00e9publique, par Aubin Minaku, pr\u00e9sident de cette Chambre l\u00e9gislative, \u00e0 qui il a remis personnellement ce texte l\u00e9gal.<\/p>\n<p style=\"text-align: justify;\">Il a, \u00e0 la m\u00eame occasion, remis \u00e0 Aubin Minaku le projet de loi portant reddition des comptes de l&rsquo;exercice budg\u00e9taire de l&rsquo;ann\u00e9e 2017.\u00a0 A l&rsquo;issue de son entretien avec le chef de la Repr\u00e9sentation nationale, le Premier ministre a confirm\u00e9 cette information tant attendue par l&rsquo;opinion.<\/p>\n<p style=\"text-align: justify;\">\u00a0\u00a0\u00bb Comme de tradition, je viens de d\u00e9poser ce jour, au bureau de l&rsquo;Assembl\u00e9e nationale, le projet de loi de finances de l&rsquo;exercice 2019 ainsi que celui de la reddition des comptes pour 2017. Pour les d\u00e9tails, je vous demande de patienter et d&rsquo;attendre la pl\u00e9ni\u00e8re qui sera consacr\u00e9e \u00e0 l&rsquo;examen et adoption de ces deux textes, \u00e9tant entendu que la primeur est r\u00e9serv\u00e9e \u00e0 la repr\u00e9sentation nationale \u00ab\u00a0, a pr\u00e9cis\u00e9 le Premier ministre.<\/p>\n<p style=\"text-align: justify;\">Le chef de l&rsquo;ex\u00e9cutif national \u00e9tait accompagn\u00e9 au Palais du peuple de certains membres du Gouvernement, \u00e0 savoir les ministres des Finances Henry Yav Mulang ; celui des Relations avec le Parlement, Jean-Pierre Lisanga Bonganga ; et du Budget, Pierre Kangudia\u2026<br \/>\nCe dernier a, pour sa part, pr\u00e9cis\u00e9 que le projet de budget de l&rsquo;ann\u00e9e 2019 est \u00e9valu\u00e9 \u00e0 5 milliards, 923 millions de dollars am\u00e9ricains.<\/p>\n<p style=\"text-align: justify;\">Compar\u00e9 \u00e0 celui de l&rsquo;exercice 2018, le budget 2019 d\u00e9gage une r\u00e9gression de plus d&rsquo;un milliard de dollars am\u00e9ricains.<br \/>\nPour sa part, le pr\u00e9sident de l&rsquo;Assembl\u00e9e nationale \u00e9tait assist\u00e9 par le premier vice-pr\u00e9sident Luhonge ; le deuxi\u00e8me vice-pr\u00e9sident R\u00e9my Massamba ; Mme le questeur Elys\u00e9e Munembwe ; le rapporteur Nono Berocan Keraure, etc.<br \/>\nPour les analystes, le Premier ministre a r\u00e9pondu favorablement \u00e0 l&rsquo;appel lanc\u00e9 le 15 septembre dernier par le pr\u00e9sident de la Chambre basse du Parlement, lors de l&rsquo;ouverture de la session parlementaire ordinaire en cours.<\/p>\n<p style=\"text-align: justify;\">Aubin Minaku avait, \u00e0 cette occasion, recommand\u00e9 au Gouvernement de d\u00e9poser ce texte l\u00e9gal \u00e0 temps, pour permettre au Parlement de l&rsquo;examiner et de l&rsquo;adopter avant le 22 novembre 2018, date du d\u00e9marrage de la campagne \u00e9lectorale.\u00a0 Il appartient, d\u00e8s lors, au Bureau de l&rsquo;Assembl\u00e9e nationale de mobiliser tous ses services pour entamer et acc\u00e9l\u00e9rer le processus de traitement des deux projets de lois ci-haut cit\u00e9s.<\/p>\n<p><em><strong>Par Marcel Tshishiku<\/strong><\/em><\/p>\n","protected":false},"excerpt":{"rendered":"<p>Ce budget est \u00e9valu\u00e9 \u00e0 5 milliards, 923 millions de dollars am\u00e9ricains Le Premier ministre a d\u00e9pos\u00e9, hier mercredi 3 octobre, au Bureau de l&rsquo;Assembl\u00e9e nationale le projet de loi de finances de l&rsquo;exercice 2019.\u00a0 Bruno Tshibala Nzenzhe a \u00e9t\u00e9 re\u00e7u au Palais du peuple, si\u00e8ge du Parlement de la R\u00e9publique, par Aubin Minaku, pr\u00e9sident [&hellip;]<\/p>\n","protected":false},"author":1,"featured_media":32313,"comment_status":"open","ping_status":"open","sticky":false,"template":"","format":"standard","meta":{"footnotes":""},"categories":[136,46,115,4,134],"tags":[],"class_list":["post-32312","post","type-post","status-publish","format-standard","has-post-thumbnail","hentry","category-a-la-une","category-analyses","category-debat-opinion","category-forum","category-la-tempete-des-tropiques"],"_links":{"self":[{"href":"https:\/\/www.latempete.info\/index.php?rest_route=\/wp\/v2\/posts\/32312"}],"collection":[{"href":"https:\/\/www.latempete.info\/index.php?rest_route=\/wp\/v2\/posts"}],"about":[{"href":"https:\/\/www.latempete.info\/index.php?rest_route=\/wp\/v2\/types\/post"}],"author":[{"embeddable":true,"href":"https:\/\/www.latempete.info\/index.php?rest_route=\/wp\/v2\/users\/1"}],"replies":[{"embeddable":true,"href":"https:\/\/www.latempete.info\/index.php?rest_route=%2Fwp%2Fv2%2Fcomments&post=32312"}],"version-history":[{"count":1,"href":"https:\/\/www.latempete.info\/index.php?rest_route=\/wp\/v2\/posts\/32312\/revisions"}],"predecessor-version":[{"id":32314,"href":"https:\/\/www.latempete.info\/index.php?rest_route=\/wp\/v2\/posts\/32312\/revisions\/32314"}],"wp:featuredmedia":[{"embeddable":true,"href":"https:\/\/www.latempete.info\/index.php?rest_route=\/wp\/v2\/media\/32313"}],"wp:attachment":[{"href":"https:\/\/www.latempete.info\/index.php?rest_route=%2Fwp%2Fv2%2Fmedia&parent=32312"}],"wp:term":[{"taxonomy":"category","embeddable":true,"href":"https:\/\/www.latempete.info\/index.php?rest_route=%2Fwp%2Fv2%2Fcategories&post=32312"},{"taxonomy":"post_tag","embeddable":true,"href":"https:\/\/www.latempete.info\/index.php?rest_route=%2Fwp%2Fv2%2Ftags&post=32312"}],"curies":[{"name":"wp","href":"https:\/\/api.w.org\/{rel}","templated":true}]}}