{"id":32319,"date":"2018-10-04T09:38:24","date_gmt":"2018-10-04T09:38:24","guid":{"rendered":"http:\/\/www.latempete.info\/?p=32319"},"modified":"2018-10-04T09:38:24","modified_gmt":"2018-10-04T09:38:24","slug":"32319-2","status":"publish","type":"post","link":"https:\/\/www.latempete.info\/?p=32319","title":{"rendered":"Beni: quatre ans de massacres !"},"content":{"rendered":"<p style=\"text-align: justify;\"><em><strong>Une\u00a0 marche organis\u00e9e hier mercredi \u00e0 Kisangani pour marquer ce triste anniversaire a \u00e9t\u00e9\u00a0 brutalement dispers\u00e9e par la police<\/strong><\/em><\/p>\n<p>Octobre 2014 &#8211; octobre 2018. Cela fait quatre ans depuis que les populations civiles de\u00a0 Beni, un des territoires de la province du Nord-Kivu, sont r\u00e9guli\u00e8rement attaqu\u00e9es et massacr\u00e9es par des groupes arm\u00e9s pr\u00e9sent\u00e9s comme des rebelles ADF.\u00a0 Un triste anniversaire que le Mouvement citoyen Lutte pour le Changement (Lucha) a tenu \u00e0 marquer par quelques manifestations \u00e0 travers le pays.<\/p>\n<p style=\"text-align: justify;\">A Kisangani, chef-lieu de la province de la Tshopo,\u00a0 les \u00e9chos qui nous sont parvenus indiquent que des activistes de Lucha habitant dans cette ville ont voulu aussi organiser hier mercredi une marche pour d\u00e9noncer \u00ab\u00a0l&rsquo;inertie\u00a0\u00bb des autorit\u00e9s face aux massacres \u00e0 r\u00e9p\u00e9tition \u00e0 Beni. Mais, cette marche\u00a0 a \u00e9t\u00e9 dispers\u00e9e brutalement par la police qui, \u00e0 en croire l&rsquo;AFP, a fait usage de gaz lacrymog\u00e8ne.<\/p>\n<p style=\"text-align: justify;\">\u00ab\u00a0Je suis Beni, je veux la paix\u00a0\u00bb, \u00ab\u00a0O\u00f9 est le gouvernement?\u00a0\u00bb ou encore \u00ab\u00a0Pourquoi cette inertie? Que font les autorit\u00e9s face \u00e0 ces massacres \u00e0 r\u00e9p\u00e9tition \u00e0 Beni?\u00a0\u00bb, ont chant\u00e9 une vingtaine de manifestants avant d&rsquo;\u00eatre dispers\u00e9s, a constat\u00e9 un correspondant de l&rsquo;AFP. Pour rappel, le dernier massacre en date perp\u00e9tr\u00e9 \u00e0 Beni a eu lieu le 22 septembre. Cette attaque survenue pr\u00e8s du centre de la ville a co\u00fbt\u00e9 la vie \u00e0 une vingtaine de personnes.<\/p>\n<p style=\"text-align: justify;\">Depuis le 2 octobre 2014, au moins 700 civils ont \u00e9t\u00e9 sauvagement tu\u00e9s dans ce territoire de la province du Nord-Kivu. Des\u00a0 massacres attribu\u00e9s au groupe ougandais Allied Democratic Forces (ADF). Quinze Casques bleus tanzaniens ont \u00e9t\u00e9 aussi tu\u00e9s en d\u00e9cembre 2017 par un groupe d&rsquo;assaillants, toujours \u00e0 l&rsquo;Est de la RDC..<br \/>\nDepuis pr\u00e8s de 15 jours, des attaques de groupes arm\u00e9s locaux et \u00e9trangers contre des positions de l&rsquo;arm\u00e9e congolaise sont signal\u00e9s \u00e0 Beni dans le Nord-Kivu\u00a0 et dans la r\u00e9gion de l&rsquo;Ituri.<\/p>\n<p><strong>Triste anniversaire \u00e0 Beni<\/strong><\/p>\n<p style=\"text-align: justify;\">A Beni, ville martyr,\u00a0 ce quatri\u00e8me triste anniversaire\u00a0 n&rsquo;est pas pass\u00e9 inaper\u00e7u. Le mouvement\u00a0 Lucha a organis\u00e9 mardi 2 octobre une marche dans la ville\u00a0 pour marquer ce douloureux anniversaire.. A la fin de la marche, les manifestants ont d\u00e9pos\u00e9 \u00e0 la MONUSCO un document contenant cinq propositions pour ramener d\u00e9finitivement la paix dans la r\u00e9gion.<\/p>\n<p style=\"text-align: justify;\">\u00a0Dans le document remis au chef de bureau de la MONUSCO \u00e0 Beni, la LUCHA indique que les autorit\u00e9s congolaises et l&rsquo;ONU n&rsquo;ont fait que des promesses de solutions sans lendemain. C&rsquo;est pourquoi le mouvement pro-d\u00e9mocratie Lucha fait ces cinq propositions prenant\u00a0 en compte la s\u00e9curit\u00e9, la justice, l&rsquo;assistance humanitaire aux victimes, le devoir de m\u00e9moire et les \u00e9lections d\u00e9mocratiques.<\/p>\n<p style=\"text-align: justify;\">\u00a0\u00a0\u00bb Les propositions, nous les avons adress\u00e9es au peuple congolais, \u00e0 la SADC et \u00e0 la communaut\u00e9 internationale dans son enti\u00e8ret\u00e9 et non pas au gouvernement ; parce que nous ne croyons pas au gouvernement. Il est ill\u00e9gitime ! Nous savons qu&rsquo;il est d\u00e9pass\u00e9 et il ne peut malheureusement rien nous amener \u00ab\u00a0, a expliqu\u00e9 un militant de la Lucha.<br \/>\nSelon lui, Kinshasa n&rsquo;organise jamais de deuil ou toute autre action de m\u00e9moire pour tous ces gens qui sont en train de mourir dans la r\u00e9gion de Beni.<\/p>\n<p style=\"text-align: justify;\">\u00a0\u00a0 Dans sa d\u00e9claration, la LUCHA parle de plus de deux mille civils congolais sauvagement tu\u00e9s, de centaines d&rsquo;autres mutil\u00e9s ou enlev\u00e9s. \u00a0\u00bb Des villages entiers ont \u00e9t\u00e9 ray\u00e9s de la carte par des assaillants que personne n&rsquo;est toujours arriv\u00e9 \u00e0 nommer avec exactitude \u00ab\u00a0, selon la m\u00eame source.<\/p>\n<p style=\"text-align: justify;\"><em><strong>Par DMK<\/strong><\/em><\/p>\n","protected":false},"excerpt":{"rendered":"<p>Une\u00a0 marche organis\u00e9e hier mercredi \u00e0 Kisangani pour marquer ce triste anniversaire a \u00e9t\u00e9\u00a0 brutalement dispers\u00e9e par la police Octobre 2014 &#8211; octobre 2018. Cela fait quatre ans depuis que les populations civiles de\u00a0 Beni, un des territoires de la province du Nord-Kivu, sont r\u00e9guli\u00e8rement attaqu\u00e9es et massacr\u00e9es par des groupes arm\u00e9s pr\u00e9sent\u00e9s comme des [&hellip;]<\/p>\n","protected":false},"author":1,"featured_media":32320,"comment_status":"open","ping_status":"open","sticky":false,"template":"","format":"standard","meta":{"footnotes":""},"categories":[136,134,130,5],"tags":[],"class_list":["post-32319","post","type-post","status-publish","format-standard","has-post-thumbnail","hentry","category-a-la-une","category-la-tempete-des-tropiques","category-nation","category-politique"],"_links":{"self":[{"href":"https:\/\/www.latempete.info\/index.php?rest_route=\/wp\/v2\/posts\/32319"}],"collection":[{"href":"https:\/\/www.latempete.info\/index.php?rest_route=\/wp\/v2\/posts"}],"about":[{"href":"https:\/\/www.latempete.info\/index.php?rest_route=\/wp\/v2\/types\/post"}],"author":[{"embeddable":true,"href":"https:\/\/www.latempete.info\/index.php?rest_route=\/wp\/v2\/users\/1"}],"replies":[{"embeddable":true,"href":"https:\/\/www.latempete.info\/index.php?rest_route=%2Fwp%2Fv2%2Fcomments&post=32319"}],"version-history":[{"count":1,"href":"https:\/\/www.latempete.info\/index.php?rest_route=\/wp\/v2\/posts\/32319\/revisions"}],"predecessor-version":[{"id":32321,"href":"https:\/\/www.latempete.info\/index.php?rest_route=\/wp\/v2\/posts\/32319\/revisions\/32321"}],"wp:featuredmedia":[{"embeddable":true,"href":"https:\/\/www.latempete.info\/index.php?rest_route=\/wp\/v2\/media\/32320"}],"wp:attachment":[{"href":"https:\/\/www.latempete.info\/index.php?rest_route=%2Fwp%2Fv2%2Fmedia&parent=32319"}],"wp:term":[{"taxonomy":"category","embeddable":true,"href":"https:\/\/www.latempete.info\/index.php?rest_route=%2Fwp%2Fv2%2Fcategories&post=32319"},{"taxonomy":"post_tag","embeddable":true,"href":"https:\/\/www.latempete.info\/index.php?rest_route=%2Fwp%2Fv2%2Ftags&post=32319"}],"curies":[{"name":"wp","href":"https:\/\/api.w.org\/{rel}","templated":true}]}}