{"id":33206,"date":"2018-11-08T13:14:19","date_gmt":"2018-11-08T13:14:19","guid":{"rendered":"http:\/\/www.latempete.info\/?p=33206"},"modified":"2018-11-08T13:14:19","modified_gmt":"2018-11-08T13:14:19","slug":"air-pollue-plus-de-90-denfants-exposes","status":"publish","type":"post","link":"https:\/\/www.latempete.info\/?p=33206","title":{"rendered":"Air pollu\u00e9 : plus de 90% d\u2019enfants expos\u00e9s"},"content":{"rendered":"<p style=\"text-align: justify;\">Selon un communiqu\u00e9 de presse de l\u2019Organisation mondiale de la Sant\u00e9 (OMS), pr\u00e8s de 93% d\u2019enfants de moins de 15 ans dans le monde, soit 1,8 milliards d\u2019enfants, voient leur sant\u00e9 et d\u00e9veloppement gravement mis en danger du fait qu\u2019ils respirent un air pollu\u00e9.\u00a0 Un nouveau rapport de l\u2019OMS sur la pollution de l\u2019air et la sant\u00e9 de l\u2019enfant estime qu\u2019en 2016, 600.000 enfants sont d\u00e9c\u00e9d\u00e9s d\u2019infections aigu\u00ebs des voies respiratoires inf\u00e9rieures dues \u00e0 la pollution de l\u2019air.<\/p>\n<p style=\"text-align: justify;\">Ce document met un accent sur l\u2019impact de la pollution de l\u2019air ext\u00e9rieur et de l\u2019air int\u00e9rieur des habitations sur la sant\u00e9 des enfants dans le monde, en particulier dans les pays \u00e0 revenu faible et interm\u00e9diaire.\u00a0 Il d\u00e9voile \u00e9galement les m\u00e9faits d\u2019un air pollu\u00e9 sur les femmes enceintes. Celles qui sont expos\u00e9es \u00e0 cet air pollu\u00e9 courent plus de risques d\u2019accoucher pr\u00e9matur\u00e9ment, et de donner naissance \u00e0 des nouveau-n\u00e9s de faible poids.<\/p>\n<p style=\"text-align: justify;\">La pollution de l\u2019air a aussi des r\u00e9percussions sur le d\u00e9veloppement neurologique et les capacit\u00e9s cognitives, et peut provoquer de l\u2019asthme et certains cancers de l\u2019enfant. Les enfants qui ont \u00e9t\u00e9 expos\u00e9s \u00e0 des niveaux \u00e9lev\u00e9s de pollution de l\u2019air peuvent courir un risque \u00e9lev\u00e9 de maladies chroniques telles que les maladies cardiovasculaires plus tard au cours de leur vie.<\/p>\n<p style=\"text-align: justify;\">Le directeur g\u00e9n\u00e9ral de l\u2019OMS, Dr Tedros Adhanom a, quant \u00e0 lui, d\u00e9clar\u00e9 que \u00abla pollution de l\u2019air empoisonne des millions d\u2019enfants et d\u00e9truit leur vie\u00bb, avant de continuer que \u00abc\u2019est inexcusable. Chaque enfant doit \u00eatre en mesure de respirer un air non pollu\u00e9 de fa\u00e7on \u00e0 pouvoir grandir et s\u2019\u00e9panouir pleinement\u00bb.<\/p>\n<p style=\"text-align: justify;\">Le rapport signale que les enfants sont particuli\u00e8rement vuln\u00e9rables aux effets de la pollution de l\u2019air parce qu\u2019ils respirent plus rapidement que les adultes et absorbent ainsi davantage de polluants. Ils vivent aussi \u00e0 une moindre distance du sol, o\u00f9 certains polluants atteignent des concentrations record \u00e0 un moment o\u00f9 leur cerveau et leur corps sont en plein d\u00e9veloppement. En plus, les nouveau-n\u00e9s et les jeunes enfants sont aussi plus sensibles \u00e0 la pollution de l\u2019air \u00e0 l\u2019int\u00e9rieur des habitations o\u00f9 les techniques et les combustibles utilis\u00e9s r\u00e9guli\u00e8rement pour la cuisine, le chauffage et l\u2019\u00e9clairage sont polluants.<\/p>\n<p style=\"text-align: justify;\">Concernant la Directrice du d\u00e9partement sant\u00e9 publique, d\u00e9terminants sociaux et environnementaux de la sant\u00e9 \u00e0 l\u2019OMS, Dr Maria Neira, la pollution de l\u2019air freine le d\u00e9veloppement c\u00e9r\u00e9bral de l\u2019enfant, et a une incidence sur sa sant\u00e9 de \u00abbien des fa\u00e7ons, plus nombreuses que nous le pensons. Mais il existe de nombreux moyens simples de r\u00e9duire les \u00e9missions de polluants dangereux\u00bb.<\/p>\n<p style=\"text-align: justify;\">Pour elle, l\u2019OMS soutient la mise en \u0153uvre de mesures de politique g\u00e9n\u00e9rale favorisant la sant\u00e9 comme l\u2019acc\u00e9l\u00e9ration du passage \u00e0 des techniques et combustibles de cuisson et de chauffage non polluants, la promotion de l\u2019utilisation de moyens de transport plus propres, des logements et de l\u2019urbanisme \u00e9co \u00e9nerg\u00e9tiques. Et de conclure, \u00ab nous contribuons \u00e0 poser les premiers jalons pour la production d\u2019une \u00e9lectricit\u00e9 \u00e0 faibles \u00e9missions, des technologies industrielles plus s\u00fbres et plus propres et une meilleure gestion des d\u00e9chets au niveau local\u00bb.<\/p>\n<p><em><strong>PAR TSM<\/strong><\/em><\/p>\n","protected":false},"excerpt":{"rendered":"<p>Selon un communiqu\u00e9 de presse de l\u2019Organisation mondiale de la Sant\u00e9 (OMS), pr\u00e8s de 93% d\u2019enfants de moins de 15 ans dans le monde, soit 1,8 milliards d\u2019enfants, voient leur sant\u00e9 et d\u00e9veloppement gravement mis en danger du fait qu\u2019ils respirent un air pollu\u00e9.\u00a0 Un nouveau rapport de l\u2019OMS sur la pollution de l\u2019air et [&hellip;]<\/p>\n","protected":false},"author":1,"featured_media":0,"comment_status":"open","ping_status":"open","sticky":false,"template":"","format":"standard","meta":{"footnotes":""},"categories":[37,134,10],"tags":[],"class_list":["post-33206","post","type-post","status-publish","format-standard","hentry","category-environnement","category-la-tempete-des-tropiques","category-societe"],"_links":{"self":[{"href":"https:\/\/www.latempete.info\/index.php?rest_route=\/wp\/v2\/posts\/33206"}],"collection":[{"href":"https:\/\/www.latempete.info\/index.php?rest_route=\/wp\/v2\/posts"}],"about":[{"href":"https:\/\/www.latempete.info\/index.php?rest_route=\/wp\/v2\/types\/post"}],"author":[{"embeddable":true,"href":"https:\/\/www.latempete.info\/index.php?rest_route=\/wp\/v2\/users\/1"}],"replies":[{"embeddable":true,"href":"https:\/\/www.latempete.info\/index.php?rest_route=%2Fwp%2Fv2%2Fcomments&post=33206"}],"version-history":[{"count":1,"href":"https:\/\/www.latempete.info\/index.php?rest_route=\/wp\/v2\/posts\/33206\/revisions"}],"predecessor-version":[{"id":33207,"href":"https:\/\/www.latempete.info\/index.php?rest_route=\/wp\/v2\/posts\/33206\/revisions\/33207"}],"wp:attachment":[{"href":"https:\/\/www.latempete.info\/index.php?rest_route=%2Fwp%2Fv2%2Fmedia&parent=33206"}],"wp:term":[{"taxonomy":"category","embeddable":true,"href":"https:\/\/www.latempete.info\/index.php?rest_route=%2Fwp%2Fv2%2Fcategories&post=33206"},{"taxonomy":"post_tag","embeddable":true,"href":"https:\/\/www.latempete.info\/index.php?rest_route=%2Fwp%2Fv2%2Ftags&post=33206"}],"curies":[{"name":"wp","href":"https:\/\/api.w.org\/{rel}","templated":true}]}}