{"id":34549,"date":"2019-03-06T10:31:38","date_gmt":"2019-03-06T10:31:38","guid":{"rendered":"http:\/\/www.latempete.info\/?p=34549"},"modified":"2019-03-06T10:31:38","modified_gmt":"2019-03-06T10:31:38","slug":"apres-plusieurs-reclamations-sur-lorganisation-des-elections","status":"publish","type":"post","link":"https:\/\/www.latempete.info\/?p=34549","title":{"rendered":"Apr\u00e8s plusieurs r\u00e9clamations sur l\u2019organisation des \u00e9lections et le fonctionnement de la centrale \u00e9lectorale : Une r\u00e9forme profonde de la Ceni de plus en plus indispensable"},"content":{"rendered":"<p style=\"text-align: justify;\"><em><strong>Entre-temps, les cons\u00e9quences d\u2019une troisi\u00e8me exp\u00e9rience \u00e9lectorale tenue avec beaucoup d\u2019\u00e9cueils se font d\u00e9j\u00e0 sentir<\/strong><\/em><\/p>\n<p>Critiques, r\u00e9clamations et autres plaintes sont formul\u00e9es chaque jour \u00e0 l\u2019endroit de la Commission \u00e9lectorale nationale ind\u00e9pendante, cet organe \u00e9lectoral \u00e0 qui on ne cesse de reprocher un certain nombre de choses notamment dans l\u2019organisation de derni\u00e8res \u00e9lections combin\u00e9es pr\u00e9sidentielle, l\u00e9gislatives nationales et provinciales du 30 d\u00e9cembre 2018.<\/p>\n<p style=\"text-align: justify;\">Ainsi, apr\u00e8s plusieurs r\u00e9clamations sur l\u2019organisation des \u00e9lections et le fonctionnement de la CENI, la r\u00e9forme profonde de cette centrale \u00e9lectorale s\u2019av\u00e8re indispensable, rel\u00e8vent certains experts en mati\u00e8re des \u00e9lections. La r\u00e9forme de la CENI est r\u00e9clam\u00e9e alors que les rapports sur les derni\u00e8res \u00e9ch\u00e9ances \u00e9lectorales ne cessent d\u2019\u00eatre produits ces jours.<\/p>\n<p>Le dernier rapport publi\u00e9 est celui de l\u2019Agir pour des \u00e9lections transparentes et apais\u00e9es (AETA), qui a d\u00e9plor\u00e9, \u00e0 travers ce document pr\u00e9sent\u00e9 par les deux responsables de cette structure de la soci\u00e9t\u00e9 civile, J\u00e9r\u00f4me Bonso et G\u00e9rard Bisambu, des erreurs mat\u00e9rielles graves commises dans les calculs des seuils de repr\u00e9sentativit\u00e9 \u00e0 l\u2019issue de ces \u00e9lections, et a invit\u00e9 la justice \u00e0 dire v\u00e9ritablement le droit.<\/p>\n<p style=\"text-align: justify;\">C\u2019est ainsi qu\u2019elle a formul\u00e9 des recommandations d\u2019abord au chef de l\u2019\u00c9tat d\u2019int\u00e9grer la question \u00e9lectorale et de la CENI parmi les urgences, de d\u00e9cr\u00e9ter le moratoire \u00e0 la poursuite de l\u2019organisation des \u00e9lections apr\u00e8s celles qui se tiendront \u00e0 Beni ville, Beni territoire, \u00e0 Butembo pour la province du Nord-Kivu, et \u00e0 Yumbi dans la province de Ma\u00ef-Ndombe.<\/p>\n<p style=\"text-align: justify;\">Il a \u00e9t\u00e9 aussi recommand\u00e9 d\u2019ordonner des r\u00e9formes l\u00e9gales structurelles et institutionnelles urgentes en vue de garantir la tenue des \u00e9lections urbaines, municipales et locales efficaces et cr\u00e9dibles, d\u2019instruire l\u2019\u00e9valuation imminente de la premi\u00e8re phase du processus \u00e9lectoral par la tripartite Gouvernement, Conseil national de Suivi de l\u2019accord (CNSA) et CENI.<\/p>\n<p style=\"text-align: justify;\">A la Cour constitutionnelle et aux Cours d\u2019appel de dire le droit \u00e9lectoral en toute objectivit\u00e9, honn\u00eatet\u00e9 et impartialit\u00e9 sans \u00eatre instrumentalis\u00e9e, de corriger les erreurs mat\u00e9rielles occasionn\u00e9es par la divergence des listes et la disparit\u00e9 des chiffres publi\u00e9s. Pour ce qui est de la CENI, de publier les r\u00e9sultats du vote des bulletins et ceux recueillis par cl\u00e9 USB par Centre local de compilation des r\u00e9sultats.<\/p>\n<p style=\"text-align: justify;\">Pour l\u2019heure, il faut relever que les cons\u00e9quences d\u2019une troisi\u00e8me exp\u00e9rience \u00e9lectorale tenue avec beaucoup d\u2019\u00e9cueils se font d\u00e9j\u00e0 sentir. Au niveau de la Cour constitutionnelle, il y a trop de cas de contestations. Des sp\u00e9cialistes estiment m\u00eame qu\u2019il y a plus de cas qu\u2019apr\u00e8s les \u00e9lections de 2006 et de 2011.<\/p>\n<p style=\"text-align: justify;\">C\u2019est pourquoi le rapport g\u00e9n\u00e9ral du processus \u00e9lectoral qui est en train d\u2019\u00eatre \u00e9labor\u00e9 au niveau de la CENI est n\u00e9cessaire et doit \u00eatre examin\u00e9 de mani\u00e8re tr\u00e8s approfondie \u00e0 l\u2019Assembl\u00e9e nationale et au S\u00e9nat pour permettre la tenue des meilleures \u00e9lections dans le futur en RD Congo.<\/p>\n<p style=\"text-align: justify;\"><em><strong>Par LKT<\/strong><\/em><\/p>\n","protected":false},"excerpt":{"rendered":"<p>Entre-temps, les cons\u00e9quences d\u2019une troisi\u00e8me exp\u00e9rience \u00e9lectorale tenue avec beaucoup d\u2019\u00e9cueils se font d\u00e9j\u00e0 sentir Critiques, r\u00e9clamations et autres plaintes sont formul\u00e9es chaque jour \u00e0 l\u2019endroit de la Commission \u00e9lectorale nationale ind\u00e9pendante, cet organe \u00e9lectoral \u00e0 qui on ne cesse de reprocher un certain nombre de choses notamment dans l\u2019organisation de derni\u00e8res \u00e9lections combin\u00e9es pr\u00e9sidentielle, [&hellip;]<\/p>\n","protected":false},"author":1,"featured_media":1153,"comment_status":"open","ping_status":"open","sticky":false,"template":"","format":"standard","meta":{"footnotes":""},"categories":[134,130,5],"tags":[],"class_list":["post-34549","post","type-post","status-publish","format-standard","has-post-thumbnail","hentry","category-la-tempete-des-tropiques","category-nation","category-politique"],"_links":{"self":[{"href":"https:\/\/www.latempete.info\/index.php?rest_route=\/wp\/v2\/posts\/34549"}],"collection":[{"href":"https:\/\/www.latempete.info\/index.php?rest_route=\/wp\/v2\/posts"}],"about":[{"href":"https:\/\/www.latempete.info\/index.php?rest_route=\/wp\/v2\/types\/post"}],"author":[{"embeddable":true,"href":"https:\/\/www.latempete.info\/index.php?rest_route=\/wp\/v2\/users\/1"}],"replies":[{"embeddable":true,"href":"https:\/\/www.latempete.info\/index.php?rest_route=%2Fwp%2Fv2%2Fcomments&post=34549"}],"version-history":[{"count":1,"href":"https:\/\/www.latempete.info\/index.php?rest_route=\/wp\/v2\/posts\/34549\/revisions"}],"predecessor-version":[{"id":34550,"href":"https:\/\/www.latempete.info\/index.php?rest_route=\/wp\/v2\/posts\/34549\/revisions\/34550"}],"wp:featuredmedia":[{"embeddable":true,"href":"https:\/\/www.latempete.info\/index.php?rest_route=\/wp\/v2\/media\/1153"}],"wp:attachment":[{"href":"https:\/\/www.latempete.info\/index.php?rest_route=%2Fwp%2Fv2%2Fmedia&parent=34549"}],"wp:term":[{"taxonomy":"category","embeddable":true,"href":"https:\/\/www.latempete.info\/index.php?rest_route=%2Fwp%2Fv2%2Fcategories&post=34549"},{"taxonomy":"post_tag","embeddable":true,"href":"https:\/\/www.latempete.info\/index.php?rest_route=%2Fwp%2Fv2%2Ftags&post=34549"}],"curies":[{"name":"wp","href":"https:\/\/api.w.org\/{rel}","templated":true}]}}