{"id":34909,"date":"2019-03-21T08:59:18","date_gmt":"2019-03-21T08:59:18","guid":{"rendered":"http:\/\/www.latempete.info\/?p=34909"},"modified":"2019-03-21T08:59:18","modified_gmt":"2019-03-21T08:59:18","slug":"selon-lonu","status":"publish","type":"post","link":"https:\/\/www.latempete.info\/?p=34909","title":{"rendered":"Selon l&rsquo;ONU : Plusieurs personnes sont priv\u00e9es d&rsquo;eau potable \u00e0 travers le monde"},"content":{"rendered":"<p style=\"text-align: justify;\">Le Rapport mondial des Nations Unies sur la mise en valeur des ressources en eau intitul\u00e9 : \u00a0\u00bb Ne laisser personne pour compte \u00a0\u00bb a \u00e9t\u00e9 publi\u00e9 mardi dernier. Il vise \u00e0 informer notamment les d\u00e9cideurs politiques sur l&rsquo;am\u00e9lioration de la gestion des ressources en eau et de l&rsquo;acc\u00e8s aux services d&rsquo;approvisionnement en eau et d&rsquo;assainissement.<\/p>\n<p style=\"text-align: justify;\">Bien que le fait d&rsquo;avoir acc\u00e8s \u00e0 l&rsquo;eau potable et \u00e0 l&rsquo;assainissement soit un droit de l&rsquo;homme, une grande partie de la population mondiale n&rsquo;ont toujours pas acc\u00e8s \u00e0 l&rsquo;eau potable et \u00e0 l&rsquo;assainissement, informe ONU info. \u00a0\u00bb L&rsquo;acc\u00e8s \u00e0 l&rsquo;eau est un droit humain vital pour la dignit\u00e9 de chaque \u00eatre humain. Pourtant, des milliards de personnes en sont toujours priv\u00e9es \u00ab\u00a0, a regrett\u00e9 la Directrice g\u00e9n\u00e9rale de l&rsquo;Organisation des Nations Unies pour l&rsquo;\u00e9ducation, la science et la culture (UNESCO), Audrey Azoulay.<\/p>\n<p style=\"text-align: justify;\">Au regard de la r\u00e9alit\u00e9, on est loin de l&rsquo;objectif des Nations Unies consistant \u00e0 garantir l&rsquo;acc\u00e8s de tous \u00e0 l&rsquo;eau et \u00e0 l&rsquo;assainissement et assurer une gestion durable des ressources en eau. En 2015, par exemple, 2,1 milliards de personnes, soit trois personnes sur dix, n&rsquo;avaient pas acc\u00e8s \u00e0 des services d&rsquo;eau potable g\u00e9r\u00e9s en toute s\u00e9curit\u00e9 et 4,5 milliards de personnes, soit six sur dix, \u00e9taient priv\u00e9es d&rsquo;installations sanitaires g\u00e9r\u00e9es de mani\u00e8re s\u00fbre.<\/p>\n<p style=\"text-align: justify;\">Dans son rapport, les Nations Unies analysent les ressorts de cette exclusion et explore les moyens de r\u00e9duire les in\u00e9galit\u00e9s. Il montre aussi qu&rsquo;il est possible de faire en sorte que le droit \u00e0 l&rsquo;eau potable et \u00e0 l&rsquo;assainissement devienne une r\u00e9alit\u00e9, \u00e0 condition qu&rsquo;il existe une volont\u00e9 collective d&rsquo;aller de l&rsquo;avant et que des efforts soient consentis pour inclure ceux qui sont \u00a0\u00bblaiss\u00e9s pour compte\u00a0\u00bb, a soulign\u00e9 Mme Azoulay.<\/p>\n<p style=\"text-align: justify;\">En ce qui concerne le Pr\u00e9sident d&rsquo;ONU-Eau et Pr\u00e9sident du Fonds internationale de d\u00e9veloppement, Gilbert F. Houngbo, \u00a0\u00bb les chiffres parlent d&rsquo;eux-m\u00eames. Le rapport souligne que si la d\u00e9gradation de l&rsquo;environnement naturel et les pressions insoutenables sur les ressources mondiales en eau se poursuivent, 45% du PIB mondial et 40% de la production c\u00e9r\u00e9ali\u00e8re mondiale seront en danger d&rsquo;ici 2050 \u00ab\u00a0.<\/p>\n<p style=\"text-align: justify;\">Ce sont les populations pauvres et marginalis\u00e9es qui seront affect\u00e9es de mani\u00e8re disproportionn\u00e9e. M. Houngbo a indiqu\u00e9 que le rapport 2019 met en \u00e9vidence la n\u00e9cessit\u00e9 d&rsquo;adapter les approches tant en politique qu&rsquo;en pratique, afin d&rsquo;aborder les causes de l&rsquo;exclusion et des in\u00e9galit\u00e9s.<\/p>\n<p style=\"text-align: justify;\">Notons que le rapport constate une hausse significative des conflits li\u00e9s \u00e0 l&rsquo;eau. Entre 2000 et 2009, on a recens\u00e9 94. Tandis qu&rsquo;entre2010 et 2018, ce chiffre s&rsquo;\u00e9levait \u00e0 263. L&rsquo;Organisation des Nations Unies (ONU) a \u00e9galement soulign\u00e9 qu&rsquo;il est rentable d&rsquo;investir dans les infrastructures sanitaires et li\u00e9es \u00e0 l&rsquo;eau.<\/p>\n<p><em><strong>Par TSM<\/strong><\/em><\/p>\n","protected":false},"excerpt":{"rendered":"<p>Le Rapport mondial des Nations Unies sur la mise en valeur des ressources en eau intitul\u00e9 : \u00a0\u00bb Ne laisser personne pour compte \u00a0\u00bb a \u00e9t\u00e9 publi\u00e9 mardi dernier. Il vise \u00e0 informer notamment les d\u00e9cideurs politiques sur l&rsquo;am\u00e9lioration de la gestion des ressources en eau et de l&rsquo;acc\u00e8s aux services d&rsquo;approvisionnement en eau et [&hellip;]<\/p>\n","protected":false},"author":1,"featured_media":34910,"comment_status":"open","ping_status":"open","sticky":false,"template":"","format":"standard","meta":{"footnotes":""},"categories":[136,37,134,122,10],"tags":[],"class_list":["post-34909","post","type-post","status-publish","format-standard","has-post-thumbnail","hentry","category-a-la-une","category-environnement","category-la-tempete-des-tropiques","category-sante","category-societe"],"_links":{"self":[{"href":"https:\/\/www.latempete.info\/index.php?rest_route=\/wp\/v2\/posts\/34909"}],"collection":[{"href":"https:\/\/www.latempete.info\/index.php?rest_route=\/wp\/v2\/posts"}],"about":[{"href":"https:\/\/www.latempete.info\/index.php?rest_route=\/wp\/v2\/types\/post"}],"author":[{"embeddable":true,"href":"https:\/\/www.latempete.info\/index.php?rest_route=\/wp\/v2\/users\/1"}],"replies":[{"embeddable":true,"href":"https:\/\/www.latempete.info\/index.php?rest_route=%2Fwp%2Fv2%2Fcomments&post=34909"}],"version-history":[{"count":1,"href":"https:\/\/www.latempete.info\/index.php?rest_route=\/wp\/v2\/posts\/34909\/revisions"}],"predecessor-version":[{"id":34911,"href":"https:\/\/www.latempete.info\/index.php?rest_route=\/wp\/v2\/posts\/34909\/revisions\/34911"}],"wp:featuredmedia":[{"embeddable":true,"href":"https:\/\/www.latempete.info\/index.php?rest_route=\/wp\/v2\/media\/34910"}],"wp:attachment":[{"href":"https:\/\/www.latempete.info\/index.php?rest_route=%2Fwp%2Fv2%2Fmedia&parent=34909"}],"wp:term":[{"taxonomy":"category","embeddable":true,"href":"https:\/\/www.latempete.info\/index.php?rest_route=%2Fwp%2Fv2%2Fcategories&post=34909"},{"taxonomy":"post_tag","embeddable":true,"href":"https:\/\/www.latempete.info\/index.php?rest_route=%2Fwp%2Fv2%2Ftags&post=34909"}],"curies":[{"name":"wp","href":"https:\/\/api.w.org\/{rel}","templated":true}]}}