{"id":36282,"date":"2019-05-14T08:01:04","date_gmt":"2019-05-14T08:01:04","guid":{"rendered":"http:\/\/www.latempete.info\/?p=36282"},"modified":"2019-05-14T08:01:04","modified_gmt":"2019-05-14T08:01:04","slug":"36282-2","status":"publish","type":"post","link":"https:\/\/www.latempete.info\/?p=36282","title":{"rendered":"La gestion et la gouvernance de l&rsquo;eau pr\u00e9occupent l&rsquo;UNESCO"},"content":{"rendered":"<p style=\"text-align: justify;\">L&rsquo;Organisation des Nations Unies pour l\u2019\u00c9ducation, la Science et la Culture (UNESCO) a d\u00e9but\u00e9, hier lundi, avec la conf\u00e9rence internationale sur l&rsquo;eau.\u00a0 Cette rencontre de deux jours, soit du 13 au 14 mai de cette ann\u00e9e, consiste \u00e0 mettre \u00e0 profit la gestion intersectorielle des ressources en eau pour faire avancer une s\u00e9curit\u00e9 de l&rsquo;eau et une paix durables.<\/p>\n<p style=\"text-align: justify;\">Selon l&rsquo;UNESCO, la plan\u00e8te est caract\u00e9ris\u00e9e par ses abondantes masses d&rsquo;eau. Toutefois, l&rsquo;eau douce utilisable ne repr\u00e9sente que moins de 1% de ces ressources. Et pourtant, reconna\u00eet la m\u00eame source, l&rsquo;homme a toujours besoin de l&rsquo;eau pour r\u00e9aliser presque toutes ses activit\u00e9s.<\/p>\n<p style=\"text-align: justify;\">Il s&rsquo;agit notamment de la production d&rsquo;aliments, de l&rsquo;\u00e9nergie ou encore des loisirs. Aussi, la gestion et la gouvernance de l&rsquo;eau ont une forte incidence sur la sant\u00e9 des hommes et des \u00e9cosyst\u00e8mes, et refl\u00e8te les conditions d&rsquo;\u00e9galit\u00e9 des genres, d&rsquo;\u00e9ducation de diversit\u00e9 culturelle d&rsquo;une r\u00e9gion donn\u00e9e. Les ressources en eau, souligne l&rsquo;UNESCO, sont essentielles au d\u00e9veloppement durable et \u00e0 la r\u00e9duction de la pauvret\u00e9.<\/p>\n<p style=\"text-align: justify;\">Il convient de signaler que cette conf\u00e9rence internationale a pour objectifs de discuter des approches transectorielles pour la gouvernance et la gestion des ressources en eau ; de lancer un appel \u00e0 l&rsquo;action pour encourager, embrasser et adopter le principe d&rsquo;une gestion intersectorielle de l&rsquo;eau, de partager les bonnes pratiques assurant la participation, la transparence et le partage d&rsquo;informations et de donner des preuves de l&rsquo;importance de l&rsquo;interdisciplinarit\u00e9 et de l&rsquo;int\u00e9gration des sciences pour soutenir les \u00c9tats membres dans leur atteinte des objectifs des agendas internationaux li\u00e9s \u00e0 l&rsquo;eau.<\/p>\n<p style=\"text-align: justify;\">Notons qu&rsquo;\u00e0 travers ces assises, l&rsquo;UNESCO r\u00e9unit autour d&rsquo;une table ses parties prenantes et ses partenaires pour partager des solutions innovantes aux probl\u00e8mes actuels. Gr\u00e2ce \u00e0 son exp\u00e9rience et son expertise dans les domaines de l&rsquo;\u00e9ducation, des sciences, de la culture, et de la communication, l&rsquo;agence sp\u00e9cialis\u00e9e onusienne\u00a0 aura ainsi \u00e0 proposer des approches holistiques et durables pour r\u00e9soudre les probl\u00e8mes li\u00e9s \u00e0 la gouvernance et la gestion de l&rsquo;eau.<\/p>\n<p><em><strong>Par Tantia Sakata<\/strong><\/em><\/p>\n","protected":false},"excerpt":{"rendered":"<p>L&rsquo;Organisation des Nations Unies pour l\u2019\u00c9ducation, la Science et la Culture (UNESCO) a d\u00e9but\u00e9, hier lundi, avec la conf\u00e9rence internationale sur l&rsquo;eau.\u00a0 Cette rencontre de deux jours, soit du 13 au 14 mai de cette ann\u00e9e, consiste \u00e0 mettre \u00e0 profit la gestion intersectorielle des ressources en eau pour faire avancer une s\u00e9curit\u00e9 de l&rsquo;eau [&hellip;]<\/p>\n","protected":false},"author":1,"featured_media":36283,"comment_status":"open","ping_status":"open","sticky":false,"template":"","format":"standard","meta":{"footnotes":""},"categories":[136,37,134,10],"tags":[],"class_list":["post-36282","post","type-post","status-publish","format-standard","has-post-thumbnail","hentry","category-a-la-une","category-environnement","category-la-tempete-des-tropiques","category-societe"],"_links":{"self":[{"href":"https:\/\/www.latempete.info\/index.php?rest_route=\/wp\/v2\/posts\/36282"}],"collection":[{"href":"https:\/\/www.latempete.info\/index.php?rest_route=\/wp\/v2\/posts"}],"about":[{"href":"https:\/\/www.latempete.info\/index.php?rest_route=\/wp\/v2\/types\/post"}],"author":[{"embeddable":true,"href":"https:\/\/www.latempete.info\/index.php?rest_route=\/wp\/v2\/users\/1"}],"replies":[{"embeddable":true,"href":"https:\/\/www.latempete.info\/index.php?rest_route=%2Fwp%2Fv2%2Fcomments&post=36282"}],"version-history":[{"count":1,"href":"https:\/\/www.latempete.info\/index.php?rest_route=\/wp\/v2\/posts\/36282\/revisions"}],"predecessor-version":[{"id":36284,"href":"https:\/\/www.latempete.info\/index.php?rest_route=\/wp\/v2\/posts\/36282\/revisions\/36284"}],"wp:featuredmedia":[{"embeddable":true,"href":"https:\/\/www.latempete.info\/index.php?rest_route=\/wp\/v2\/media\/36283"}],"wp:attachment":[{"href":"https:\/\/www.latempete.info\/index.php?rest_route=%2Fwp%2Fv2%2Fmedia&parent=36282"}],"wp:term":[{"taxonomy":"category","embeddable":true,"href":"https:\/\/www.latempete.info\/index.php?rest_route=%2Fwp%2Fv2%2Fcategories&post=36282"},{"taxonomy":"post_tag","embeddable":true,"href":"https:\/\/www.latempete.info\/index.php?rest_route=%2Fwp%2Fv2%2Ftags&post=36282"}],"curies":[{"name":"wp","href":"https:\/\/api.w.org\/{rel}","templated":true}]}}