{"id":42040,"date":"2020-02-07T10:23:06","date_gmt":"2020-02-07T10:23:06","guid":{"rendered":"http:\/\/www.latempete.info\/?p=42040"},"modified":"2020-02-07T10:23:06","modified_gmt":"2020-02-07T10:23:06","slug":"esu","status":"publish","type":"post","link":"https:\/\/www.latempete.info\/?p=42040","title":{"rendered":"ESU : Trois assistants de l\u2019ISP\/Kikwit sous-utilis\u00e9s depuis onze ans !"},"content":{"rendered":"<p>Trois assistants nomm\u00e9s, mieux notifi\u00e9s comme tels depuis l\u2019ann\u00e9e 2009 par la direction g\u00e9n\u00e9rale de l\u2019institut sup\u00e9rieur p\u00e9dagogique (I.S.P) de Kikwit, dans la province du Kwilu, sont sous-utilis\u00e9s depuis onze (11) ans apr\u00e8s leur reconnaissance en cette qualit\u00e9.<\/p>\n<p>L\u2019ASBL \u00ab\u00a0Fraternit\u00e9 des natifs de Kikwit\u00a0\u00bb, FRANAKI en sigle, qui d\u00e9nonce cette irr\u00e9gularit\u00e9 rapporte qu\u2019au lieu que ces enseignants du sup\u00e9rieur soient utilis\u00e9s au sein de l\u2019Institut, la Direction g\u00e9n\u00e9rale pr\u00e9f\u00e8re les employer comme enseignants de l\u2019\u00e9cole d\u2019application (EDAP) de l\u2019ISP\/Kikwit\u00a0!un membre de la FRANAKI qui d\u00e9plore cette situation sous couvert de l\u2019anonymat, dit ne pas comprendre l\u2019attitude de la Direction g\u00e9n\u00e9rale de cet Institut qui n\u2019arrive pas \u00e0 mettre \u00e0 la disposition de ces trois assistants leurs charges horaires.\u00a0 Au lieu de cela, s\u2019indigne la source, la direction de l\u2019Institut persiste sans raison valable dans sa volont\u00e9 de voir ces enseignants pourtant pay\u00e9s comme assistants de l\u2019I.S.P\/Kikwit, continuer de prester au cycle secondaire.<\/p>\n<p>Curieusement, ajoute encore la m\u00eame source, les trois assistants concern\u00e9s font partie des d\u00e9partements de fran\u00e7ais et d\u2019histoire. Pire encore, ils sont tous ressortissants d\u2019une m\u00eame tribu et se sentent quelque peu discrimin\u00e9s, d\u2019autant plus que d\u2019autres assistants sur les onze (11) qui avaient \u00e9t\u00e9 notifi\u00e9s en 2009 comme eux ont d\u00e9j\u00e0 des charges horaires correspondantes.<br \/>\nIl se raconte dans certains milieux d\u2019enseignants de l\u2019I.S.P\/Kikwit qu\u2019un professeur de l\u2019Institut influencerait actuellement cette situation de statuquo.<\/p>\n<p>Le m\u00eame professeur, raconte-t-on, ne vivrait pas aussi en odeur de saintet\u00e9 avec les membres du comit\u00e9 de gestion actuel de l\u2019I.S.P. La sous-utilisation prolong\u00e9e de ces trois assistants cause\u00a0 un s\u00e9rieux pr\u00e9judice contre l\u2019Institut, car ces cadres formateurs sont appel\u00e9s \u00e0 se former davantage pour servir dignement demain cet Institut en qualit\u00e9 de professeurs.<\/p>\n<p>En onze ann\u00e9es de sous-utilisation de ces enseignants, l\u2019I.S.P\/Kikwit a d\u00e9j\u00e0 beaucoup perdu dans un environnement scientifique caract\u00e9ris\u00e9 par un d\u00e9ficit de professeurs attitr\u00e9s dans plusieurs universit\u00e9s et institut sup\u00e9rieur du pays. Il est \u00e0 relever au passage qu\u2019une dame qui constituait la quatri\u00e8me de ces assistants venait d\u2019avoir sa charge horaire.<br \/>\nAllez-y comprendre\u00a0!<\/p>\n<p>Vaut mieux tard que jamais, dit-on. La direction g\u00e9n\u00e9rale de l\u2019I.S.P\/Kikwit peut toujours se racheter en r\u00e9gularisant la situation de ces trois assistants, afin de favoriser un climat de travail empreint de paix et de s\u00e9r\u00e9nit\u00e9 au sein de cet institution d\u2019enseignement sup\u00e9rieur.<\/p>\n<p><em><strong>Par Roberto K.\/CP<\/strong><\/em><\/p>\n","protected":false},"excerpt":{"rendered":"<p>Trois assistants nomm\u00e9s, mieux notifi\u00e9s comme tels depuis l\u2019ann\u00e9e 2009 par la direction g\u00e9n\u00e9rale de l\u2019institut sup\u00e9rieur p\u00e9dagogique (I.S.P) de Kikwit, dans la province du Kwilu, sont sous-utilis\u00e9s depuis onze (11) ans apr\u00e8s leur reconnaissance en cette qualit\u00e9. L\u2019ASBL \u00ab\u00a0Fraternit\u00e9 des natifs de Kikwit\u00a0\u00bb, FRANAKI en sigle, qui d\u00e9nonce cette irr\u00e9gularit\u00e9 rapporte qu\u2019au lieu que [&hellip;]<\/p>\n","protected":false},"author":1,"featured_media":0,"comment_status":"open","ping_status":"open","sticky":false,"template":"","format":"standard","meta":{"footnotes":""},"categories":[134,10,919],"tags":[],"class_list":["post-42040","post","type-post","status-publish","format-standard","hentry","category-la-tempete-des-tropiques","category-societe","category-universite"],"_links":{"self":[{"href":"https:\/\/www.latempete.info\/index.php?rest_route=\/wp\/v2\/posts\/42040"}],"collection":[{"href":"https:\/\/www.latempete.info\/index.php?rest_route=\/wp\/v2\/posts"}],"about":[{"href":"https:\/\/www.latempete.info\/index.php?rest_route=\/wp\/v2\/types\/post"}],"author":[{"embeddable":true,"href":"https:\/\/www.latempete.info\/index.php?rest_route=\/wp\/v2\/users\/1"}],"replies":[{"embeddable":true,"href":"https:\/\/www.latempete.info\/index.php?rest_route=%2Fwp%2Fv2%2Fcomments&post=42040"}],"version-history":[{"count":1,"href":"https:\/\/www.latempete.info\/index.php?rest_route=\/wp\/v2\/posts\/42040\/revisions"}],"predecessor-version":[{"id":42041,"href":"https:\/\/www.latempete.info\/index.php?rest_route=\/wp\/v2\/posts\/42040\/revisions\/42041"}],"wp:attachment":[{"href":"https:\/\/www.latempete.info\/index.php?rest_route=%2Fwp%2Fv2%2Fmedia&parent=42040"}],"wp:term":[{"taxonomy":"category","embeddable":true,"href":"https:\/\/www.latempete.info\/index.php?rest_route=%2Fwp%2Fv2%2Fcategories&post=42040"},{"taxonomy":"post_tag","embeddable":true,"href":"https:\/\/www.latempete.info\/index.php?rest_route=%2Fwp%2Fv2%2Ftags&post=42040"}],"curies":[{"name":"wp","href":"https:\/\/api.w.org\/{rel}","templated":true}]}}