{"id":43436,"date":"2020-07-24T09:28:33","date_gmt":"2020-07-24T09:28:33","guid":{"rendered":"http:\/\/www.latempete.info\/?p=43436"},"modified":"2020-07-24T09:28:37","modified_gmt":"2020-07-24T09:28:37","slug":"insecurite-a-lest-du-pays-le-m23-revient-a-la-charge-au-kivu","status":"publish","type":"post","link":"https:\/\/www.latempete.info\/?p=43436","title":{"rendered":"Ins\u00e9curit\u00e9 \u00e0 l&rsquo;est du pays : Le M23 revient \u00e0 la charge au Kivu !"},"content":{"rendered":"\n<p class=\"has-text-align-center\"><strong><em>Apr\u00e8s avoir attaqu\u00e9 une position des FARDC cette semaine, les hommes de Sultani Makenga affirment, dans un communiqu\u00e9, r\u00e9clamer l&rsquo;application de l&rsquo;Accord de paix conclu \u00e0 Nairobi<br>Par DMK et GKM<\/em><\/strong><\/p>\n\n\n\n<p>Une position des Forces Arm\u00e9es de la R\u00e9publique D\u00e9mocratique du Congo (FARDC) dans le territoire de Rutshuru, au Nord-Kivu, a \u00e9t\u00e9 attaqu\u00e9e mardi dernier par des rebelles pr\u00e9sent\u00e9s comme \u00e9tant ceux du M23, une r\u00e9bellion \u00e0 dominante tutsi que l&rsquo;Arm\u00e9e r\u00e9guli\u00e8re avait d\u00e9faite en 2013 et dont les \u00e9l\u00e9ments avaient fini par aller trouver refuge en Ouganda.<br>Selon la soci\u00e9t\u00e9 civile du Nord-Kivu cit\u00e9e par le journal La Libre Belgique, d&rsquo; intenses combats \u00e0 l&rsquo;arme lourde et l\u00e9g\u00e8re ont oppos\u00e9, mardi, les rebelles du M23 aux militaires des FARDC, dans le territoire du Rutshuru, \u00e0 la lisi\u00e8re du parc national des Virunga. Une information confirm\u00e9e par l&rsquo;Arm\u00e9e r\u00e9guli\u00e8re, \u00e0 en croire la m\u00eame source.<br>Aux yeux de certains observateurs, ces affrontements seraient la preuve que les rebelles du M 23 dont on n&rsquo;entendait plus parler depuis 2017, se sont r\u00e9organiser militairement \u00e0 partir de l&rsquo;Ouganda, en vue de tenter une nouvelle aventure en RDC.<br>Depuis quelques jours, en effet, les populations du territoire de Rutshutu d\u00e9noncent la pr\u00e9sence d&rsquo;anciens rebelles du Mouvement du 23 mars (M23) dans les montagnes de Nyunzu et Tchanzu.<br>Ces rebelles mis en d\u00e9route en 2013 par les Fardc avec l&rsquo;appui de la Monusco \u00e0 travers sa brigade d&rsquo;intervention sont donc redevenus une grande menace pour s&rsquo;opposer au retour de la paix \u00e0 l&rsquo;est de la RDC.<br>L&rsquo;arm\u00e9e congolaise, par la voix de son porte-parole en province, Major Ndjike, a confirm\u00e9 la pr\u00e9sence de ces rebelles majoritairement d&rsquo;origine tutsi \u00e0 Rutshuru. Groupe arm\u00e9 contre lequel les FARDC disent se battre depuis mardi 21 juillet.<\/p>\n\n\n\n<p>Appliquer l&rsquo;Accord de Nairobi<br>Un communiqu\u00e9 publi\u00e9 le jeudi 23 juillet par le M 23, sous la plume de son dirigeant Bertrand Bisimwa, confirme aussi la pr\u00e9sence de ce mouvement rebelle au Nord-Kivu, tout en cherchant \u00e0 faire croire que \u00a0\u00bb ce mouvement politico-militaire ne serait pas celui qui attaque les Fardc !<br>\u00ab\u00a0Nos ex-combattants sont bel et bien dans le territoire de Rutshuru. Pas pour y combattre qui que ce soit, encore moins leurs fr\u00e8res des FARDC\u00a0\u00bb, affirme Bertrand Bisimwa dans le communiqu\u00e9 du M 23.<br>Ce chef rebelle vivant en exil en Ouganda affirme que ses hommes sont l\u00e0 parce que, \u00a0\u00bb d&rsquo;abord il s&rsquo;agit de leur pays, ensuite ils attendent comme tout le monde la mise en \u0153uvre de l&rsquo;accord de paix sign\u00e9 le 12 d\u00e9cembre 2013 \u00e0 Nairobi, au Kenya.<br>\u00ab\u00a0Les ex-combattants du M23 n&rsquo;ont jamais pris une quelconque initiative de combat et n&rsquo;entendent pas la prendre\u00a0\u00bb, ajoute-t-il. Selon lui, ce qui s&rsquo;est pass\u00e9 \u00e0 Rutshuru serait la cons\u00e9quence de la peur fabriqu\u00e9e sur les r\u00e9seaux sociaux qui a conduit les FARDC \u00e0 proc\u00e9der aux tirs de sommation pour marquer leur pr\u00e9sence et dissuader un \u00e9ventuel ennemi.<br>\u00ab\u00a0Il n&rsquo;y a donc eu dans Rutshuru ni accrochage ni des combats entre FARDC et ex-combattants du M23\u00a0\u00bb , affirme encore Bertrand Bisimwa.<br>\u00ab\u00a0Nos compatriotes doivent cesser de manipuler l&rsquo;opinion au risque de provoquer une situation de confusion qui aboutirait au chaos et \u00e0 la perte des vies humaines\u00a0\u00bb, a encore d\u00e9clar\u00e9 Bertrand Bisimwa. Et d&rsquo;ajouter : \u00ab\u00a0Nous soutenons le Chef de l&rsquo;\u00c9tat et restons convaincus qu&rsquo;il sera \u00e0 m\u00eame de mettre en \u0153uvre les accords de paix pour ramener d\u00e9finitivement la paix dans l&rsquo;Est du pays , pour qu&rsquo;enfin cette partie du pays amorce son d\u00e9veloppement et l&rsquo;\u00e9panouissement de ses habitants\u00a0\u00bb, conclut Bertrand Bisimwa.<\/p>\n\n\n\n<p>Des paroles qui n&rsquo;inspirent pas confiance<\/p>\n\n\n\n<p>Pour rappel, le M 23 avait r\u00e9ussi \u00e0 s&#8217;emparer de la ville Goma, le chef-lieu de la province, en novembre-d\u00e9cembre 2012.<br>En d\u00e9cembre 2013, un accord avait \u00e9t\u00e9 sign\u00e9 entre ce mouvement rebelle et Kinshasa, incluant la possibilit\u00e9 d&rsquo;ouvrir la voie au rapatriement de la plupart des combattants de l&rsquo;ex-r\u00e9bellion depuis l&rsquo;Ouganda et le Rwanda o\u00f9 ils avaient trouv\u00e9 refuge, en vue de leur r\u00e9insertion dans la vie civile.<\/p>\n\n\n\n<p>Mais, le processus a connu des nombreux rat\u00e9s pendant les ann\u00e9es suivantes. Si bien qu&rsquo;au d\u00e9but du mois de mars 2017, les FARDC avaient d\u00e9clar\u00e9 avoir neutralis\u00e9 20 rebelles du M23 et perdu deux soldats lors des combats survenus depuis la fin janvier.<\/p>\n\n\n\n<p>Presque-\u00e0 la m\u00eame p\u00e9riode, le gouvernement ougandais admit avoir perdu la trace de 40 ex-rebelles du M 23 cantonn\u00e9s dans une base militaire proche de la fronti\u00e8re congolaise. Et il a fallu attendre f\u00e9vrier 2019, pour voir les autorit\u00e9s ougandaises renvoyer en territoire congolais 70 anciens membres du M23, , dans le cadre de l&rsquo;accord de rapatriement volontaire d\u00e9cid\u00e9 en 2013 (accord de paix de Na\u00efrobi).<\/p>\n\n\n\n<p>La majorit\u00e9 de ces ex-combattants M 23 conduits par le g\u00e9n\u00e9ral Sultani Makenga sont install\u00e9s dans le territoire de Rutshuru au Nord-Kivu depuis 2017. \u00ab\u00a0Nos compatriotes doivent cesser de manipuler l&rsquo;opinion au risque de provoquer une situation de confusion qui aboutirait au chaos et \u00e0 la perte des vies humaines\u00a0\u00bb ,a appel\u00e9 Bertrand Bisimwa.<\/p>\n\n\n\n<p>\u00ab\u00a0Nous soutenons le Chef de l&rsquo;\u00c9tat et restons convaincus qu&rsquo;il sera \u00e0 m\u00eame de mettre en \u0153uvre les accords de paix pour ramener d\u00e9finitivement la paix dans l&rsquo;Est du pays pour qu&rsquo;enfin cette partie du pays amorce son d\u00e9veloppement et l&rsquo;\u00e9panouissement de ses habitants\u00a0\u00bb, temp\u00e8re Bertrand Bisimwa.<\/p>\n","protected":false},"excerpt":{"rendered":"<p>Apr\u00e8s avoir attaqu\u00e9 une position des FARDC cette semaine, les hommes de Sultani Makenga affirment, dans un communiqu\u00e9, r\u00e9clamer l&rsquo;application de l&rsquo;Accord de paix conclu \u00e0 NairobiPar DMK et GKM Une position des Forces Arm\u00e9es de la R\u00e9publique D\u00e9mocratique du Congo (FARDC) dans le territoire de Rutshuru, au Nord-Kivu, a \u00e9t\u00e9 attaqu\u00e9e mardi dernier par [&hellip;]<\/p>\n","protected":false},"author":1,"featured_media":19133,"comment_status":"open","ping_status":"open","sticky":false,"template":"","format":"standard","meta":{"footnotes":""},"categories":[136,134,130,5,25],"tags":[],"class_list":["post-43436","post","type-post","status-publish","format-standard","has-post-thumbnail","hentry","category-a-la-une","category-la-tempete-des-tropiques","category-nation","category-politique","category-province"],"_links":{"self":[{"href":"https:\/\/www.latempete.info\/index.php?rest_route=\/wp\/v2\/posts\/43436"}],"collection":[{"href":"https:\/\/www.latempete.info\/index.php?rest_route=\/wp\/v2\/posts"}],"about":[{"href":"https:\/\/www.latempete.info\/index.php?rest_route=\/wp\/v2\/types\/post"}],"author":[{"embeddable":true,"href":"https:\/\/www.latempete.info\/index.php?rest_route=\/wp\/v2\/users\/1"}],"replies":[{"embeddable":true,"href":"https:\/\/www.latempete.info\/index.php?rest_route=%2Fwp%2Fv2%2Fcomments&post=43436"}],"version-history":[{"count":1,"href":"https:\/\/www.latempete.info\/index.php?rest_route=\/wp\/v2\/posts\/43436\/revisions"}],"predecessor-version":[{"id":43437,"href":"https:\/\/www.latempete.info\/index.php?rest_route=\/wp\/v2\/posts\/43436\/revisions\/43437"}],"wp:featuredmedia":[{"embeddable":true,"href":"https:\/\/www.latempete.info\/index.php?rest_route=\/wp\/v2\/media\/19133"}],"wp:attachment":[{"href":"https:\/\/www.latempete.info\/index.php?rest_route=%2Fwp%2Fv2%2Fmedia&parent=43436"}],"wp:term":[{"taxonomy":"category","embeddable":true,"href":"https:\/\/www.latempete.info\/index.php?rest_route=%2Fwp%2Fv2%2Fcategories&post=43436"},{"taxonomy":"post_tag","embeddable":true,"href":"https:\/\/www.latempete.info\/index.php?rest_route=%2Fwp%2Fv2%2Ftags&post=43436"}],"curies":[{"name":"wp","href":"https:\/\/api.w.org\/{rel}","templated":true}]}}