{"id":43438,"date":"2020-07-24T09:47:25","date_gmt":"2020-07-24T09:47:25","guid":{"rendered":"http:\/\/www.latempete.info\/?p=43438"},"modified":"2020-07-24T09:47:30","modified_gmt":"2020-07-24T09:47:30","slug":"sur-base-des-elements-deposes-par-les-avocats-canadienscpi-la-plainte-contre-joseph-kabila-consolidee","status":"publish","type":"post","link":"https:\/\/www.latempete.info\/?p=43438","title":{"rendered":"Sur base des \u00e9l\u00e9ments d\u00e9pos\u00e9s par les avocats canadiens,CPI : la plainte contre Joseph Kabila consolid\u00e9e !"},"content":{"rendered":"\n<p class=\"has-text-align-center\"><strong><em>Par DwD<\/em><\/strong><\/p>\n\n\n\n<p>La plainte d\u00e9pos\u00e9e contre Joseph Kabila au Bureau du Procureur de la Cour P\u00e9nale Internationale (CPI), les 16 et 17 juin 2020, par un groupe de 17 experts r\u00e9unis au sein du Partenariat Canadien pour la Justice Internationale, demandant l&rsquo;ouverture d&rsquo;une enqu\u00eate judiciaire sur l&rsquo;ancien Pr\u00e9sident congolais et de hauts fonctionnaires pour des pr\u00e9sum\u00e9s crimes commis durant le r\u00e8gne de cet ancien Chef de l&rsquo;Etat congolais, fait pr\u00e9sentement l&rsquo;objet d&rsquo;un examen approfondi au sein de cette cour internationale bas\u00e9e \u00e0 la Haye, au Pays Bas.<\/p>\n\n\n\n<p>Pour preuve, le Bureau du Procureur de la CPI, par la voie de M. Mark Dillon, chef de l&rsquo;unit\u00e9 des informations et des \u00e9l\u00e9ments de preuves audit Bureau, vient d&rsquo;accuser r\u00e9ception des \u00e9l\u00e9ments d&rsquo;informations compl\u00e9mentaires lui transmis par le groupe d&rsquo;avocats canadiens auteurs de ladite plainte.<\/p>\n\n\n\n<p>Dans sa r\u00e9ponse dat\u00e9e du 21 juillet 2020, le Bureau du Procureur de la CPI promet d&rsquo;ajouter les renseignements lui transmis \u00e0 sa collections d&rsquo;informations sur la RDC. Le Bureau du Procureur indique aussi que \u00ab\u00a0ces informations seront analys\u00e9es et transmises aux employ\u00e9s du bureau du Procureur qui prendront les mesures appropri\u00e9es\u00a0\u00bb.<\/p>\n\n\n\n<p>Pour rappel, le Partenariat Canadien pour la Justice Internationale qui a saisi les 16 et 17 Juin 2020, le Bureau du Procureur de la Cour P\u00e9nale Internationale poursuit l&rsquo;administration sous le r\u00e8gne du S\u00e9nateur Joseph Kabila qui aurait une responsabilit\u00e9 dans la commission d&rsquo;atrocit\u00e9s incluant des meurtres, disparitions forc\u00e9es des d\u00e9tentions arbitraires, violences sexuelles et autres crimes contre l&rsquo;humanit\u00e9 qui sont de la comp\u00e9tence de la Cour p\u00e9nale Internationale.<\/p>\n\n\n\n<p>Mark Dillon rappelle aussi \u00e0 ces avocats que le Bureau du Procureur lui-m\u00eame enqu\u00eate sur la situation en RDC. \u00ab\u00a0En juin 2003, suite aux diverses communications portant sur ce sujet, le procureur avait indiqu\u00e9 que la situation en RDC devenait prioritaire pour son bureau. En 2004, la situation en RDC a \u00e9t\u00e9 d\u00e9f\u00e9r\u00e9e officiellement au procureur par le gouvernement de ce pays et en juin 2004, le Procureur a annonc\u00e9 sa d\u00e9cision d&rsquo;ouvrir une enqu\u00eate sur cette situation\u00a0\u00bb, peut-on lire dans cette correspondance de la CPI qui ajoute que le Procureur a soulign\u00e9 son intention de viser les personnes portant la plus grande responsabilit\u00e9 des crimes commis actuellement en RDC et relevant de la comp\u00e9tence de la Cour.<\/p>\n\n\n\n<p>\u00c0 noter que la lettre \u00e0 laquelle le Bureau du Procureur de la CPI vient de r\u00e9pondre porte la signature de 17 experts et autres organisations de la soci\u00e9t\u00e9 civile faisant \u00e9cho \u00e0 certains d\u00e9fenseurs des droits humains.<br>Ci-dessous la r\u00e9ponse du Bureau du Procureur de la CPI aux informations compl\u00e9mentaires envoy\u00e9es par le collectif d&rsquo;avocats pour consolider leur plainte contre l&rsquo;ancien Chef de l&rsquo;Etat congolais.<\/p>\n\n\n\n<figure class=\"wp-block-image size-large\"><img loading=\"lazy\" decoding=\"async\" width=\"163\" height=\"290\" src=\"http:\/\/www.latempete.info\/wp-content\/uploads\/image-163x290.png\" alt=\"\" class=\"wp-image-43439\" srcset=\"https:\/\/www.latempete.info\/wp-content\/uploads\/image-163x290.png 163w, https:\/\/www.latempete.info\/wp-content\/uploads\/image-73x130.png 73w, https:\/\/www.latempete.info\/wp-content\/uploads\/image.png 506w\" sizes=\"(max-width: 163px) 100vw, 163px\" \/><\/figure>\n","protected":false},"excerpt":{"rendered":"<p>Par DwD La plainte d\u00e9pos\u00e9e contre Joseph Kabila au Bureau du Procureur de la Cour P\u00e9nale Internationale (CPI), les 16 et 17 juin 2020, par un groupe de 17 experts r\u00e9unis au sein du Partenariat Canadien pour la Justice Internationale, demandant l&rsquo;ouverture d&rsquo;une enqu\u00eate judiciaire sur l&rsquo;ancien Pr\u00e9sident congolais et de hauts fonctionnaires pour des [&hellip;]<\/p>\n","protected":false},"author":1,"featured_media":27323,"comment_status":"open","ping_status":"open","sticky":false,"template":"","format":"standard","meta":{"footnotes":""},"categories":[136,27,860,134,130,5],"tags":[],"class_list":["post-43438","post","type-post","status-publish","format-standard","has-post-thumbnail","hentry","category-a-la-une","category-internationale","category-justice","category-la-tempete-des-tropiques","category-nation","category-politique"],"_links":{"self":[{"href":"https:\/\/www.latempete.info\/index.php?rest_route=\/wp\/v2\/posts\/43438"}],"collection":[{"href":"https:\/\/www.latempete.info\/index.php?rest_route=\/wp\/v2\/posts"}],"about":[{"href":"https:\/\/www.latempete.info\/index.php?rest_route=\/wp\/v2\/types\/post"}],"author":[{"embeddable":true,"href":"https:\/\/www.latempete.info\/index.php?rest_route=\/wp\/v2\/users\/1"}],"replies":[{"embeddable":true,"href":"https:\/\/www.latempete.info\/index.php?rest_route=%2Fwp%2Fv2%2Fcomments&post=43438"}],"version-history":[{"count":1,"href":"https:\/\/www.latempete.info\/index.php?rest_route=\/wp\/v2\/posts\/43438\/revisions"}],"predecessor-version":[{"id":43440,"href":"https:\/\/www.latempete.info\/index.php?rest_route=\/wp\/v2\/posts\/43438\/revisions\/43440"}],"wp:featuredmedia":[{"embeddable":true,"href":"https:\/\/www.latempete.info\/index.php?rest_route=\/wp\/v2\/media\/27323"}],"wp:attachment":[{"href":"https:\/\/www.latempete.info\/index.php?rest_route=%2Fwp%2Fv2%2Fmedia&parent=43438"}],"wp:term":[{"taxonomy":"category","embeddable":true,"href":"https:\/\/www.latempete.info\/index.php?rest_route=%2Fwp%2Fv2%2Fcategories&post=43438"},{"taxonomy":"post_tag","embeddable":true,"href":"https:\/\/www.latempete.info\/index.php?rest_route=%2Fwp%2Fv2%2Ftags&post=43438"}],"curies":[{"name":"wp","href":"https:\/\/api.w.org\/{rel}","templated":true}]}}