{"id":45445,"date":"2021-03-04T08:04:28","date_gmt":"2021-03-04T08:04:28","guid":{"rendered":"http:\/\/www.latempete.info\/?p=45445"},"modified":"2021-03-04T08:04:29","modified_gmt":"2021-03-04T08:04:29","slug":"covid-19-la-rdc-commence-la-vaccination-contre-la-maladie-la-semaine-prochaine","status":"publish","type":"post","link":"https:\/\/www.latempete.info\/?p=45445","title":{"rendered":"Covid-19\u00a0: la RDC commence la vaccination contre la maladie  la semaine prochaine\u00a0!"},"content":{"rendered":"\n<p>La vaccination contre la Covid-19 en R\u00e9publique D\u00e9mocratique du Congo commence \u00ab\u00a0la semaine prochaine\u00a0\u00bb. L\u2019annonce a \u00e9t\u00e9 faite hier mercredi 3 mars, par le ministre de la Sant\u00e9 publique, Eteni Logondo, sans avancer des dates pr\u00e9cises du d\u00e9but de cette op\u00e9ration.<br>Lors de la remise officielle des premi\u00e8res doses de vaccin au d\u00e9p\u00f4t des vaccins et d\u2019autres produits m\u00e9dicaux \u00e0 Kinkole, dans la p\u00e9riph\u00e9rie Est de la ville de Kinshasa, le ministre a invit\u00e9 la population \u00e0 se faire vacciner pour se pr\u00e9server du Coronavirus.<\/p>\n\n\n\n<p>Le ministre de la Sant\u00e9 a fait cette annonce, apr\u00e8s avoir r\u00e9ceptionn\u00e9, mardi dernier, 1,7 million de doses du vaccin Astra Zeneca , \u00e0 l\u2019a\u00e9roport international de N\u2019djili. Ce lot de vaccins sur les 6,9 millions doses attendues, sera dans un premier temps administr\u00e9 aux personnes \u00e2g\u00e9es de plus de 55 ans, au personnel soignant et aux personnes \u00e0 risque souffrant des comorbidit\u00e9s, comme l\u2019hypertension, le diab\u00e8te ou l\u2019ob\u00e9sit\u00e9, a-t-il indiqu\u00e9.\u00a0TDT\/R.O<\/p>\n","protected":false},"excerpt":{"rendered":"<p>Covid-19 : la RDC commence la vaccination contre la maladie  la semaine prochaine !<\/p>\n","protected":false},"author":1,"featured_media":43222,"comment_status":"closed","ping_status":"closed","sticky":false,"template":"","format":"standard","meta":{"footnotes":""},"categories":[136,134,122,10],"tags":[],"class_list":["post-45445","post","type-post","status-publish","format-standard","has-post-thumbnail","hentry","category-a-la-une","category-la-tempete-des-tropiques","category-sante","category-societe"],"_links":{"self":[{"href":"https:\/\/www.latempete.info\/index.php?rest_route=\/wp\/v2\/posts\/45445"}],"collection":[{"href":"https:\/\/www.latempete.info\/index.php?rest_route=\/wp\/v2\/posts"}],"about":[{"href":"https:\/\/www.latempete.info\/index.php?rest_route=\/wp\/v2\/types\/post"}],"author":[{"embeddable":true,"href":"https:\/\/www.latempete.info\/index.php?rest_route=\/wp\/v2\/users\/1"}],"replies":[{"embeddable":true,"href":"https:\/\/www.latempete.info\/index.php?rest_route=%2Fwp%2Fv2%2Fcomments&post=45445"}],"version-history":[{"count":1,"href":"https:\/\/www.latempete.info\/index.php?rest_route=\/wp\/v2\/posts\/45445\/revisions"}],"predecessor-version":[{"id":45446,"href":"https:\/\/www.latempete.info\/index.php?rest_route=\/wp\/v2\/posts\/45445\/revisions\/45446"}],"wp:featuredmedia":[{"embeddable":true,"href":"https:\/\/www.latempete.info\/index.php?rest_route=\/wp\/v2\/media\/43222"}],"wp:attachment":[{"href":"https:\/\/www.latempete.info\/index.php?rest_route=%2Fwp%2Fv2%2Fmedia&parent=45445"}],"wp:term":[{"taxonomy":"category","embeddable":true,"href":"https:\/\/www.latempete.info\/index.php?rest_route=%2Fwp%2Fv2%2Fcategories&post=45445"},{"taxonomy":"post_tag","embeddable":true,"href":"https:\/\/www.latempete.info\/index.php?rest_route=%2Fwp%2Fv2%2Ftags&post=45445"}],"curies":[{"name":"wp","href":"https:\/\/api.w.org\/{rel}","templated":true}]}}