{"id":45447,"date":"2021-03-04T09:47:06","date_gmt":"2021-03-04T09:47:06","guid":{"rendered":"http:\/\/www.latempete.info\/?p=45447"},"modified":"2021-03-04T09:47:12","modified_gmt":"2021-03-04T09:47:12","slug":"recadree-apres-sa-derniere-sortie-mediatique-les-trois-peches-reproches-a-la-cenco","status":"publish","type":"post","link":"https:\/\/www.latempete.info\/?p=45447","title":{"rendered":"Recadr\u00e9e apr\u00e8s sa derni\u00e8re sortie m\u00e9diatique : Les trois \u00abp\u00e9ch\u00e9s\u00bb reproch\u00e9s \u00e0 la CENCO"},"content":{"rendered":"\n<p class=\"has-text-align-center\"><strong>A environ trois ans de l\u2019\u00e9ch\u00e9ance \u00e9lectorale de 2023, plusieurs observateurs trouvent inopportune<br>la guerre que la Conf\u00e9rence \u00e9piscopale du Congo engage inutilement contre le pouvoir en place<br>Par LM<\/strong><\/p>\n\n\n\n<p>La derni\u00e8re sortie m\u00e9diatique des \u00e9v\u00eaques membres de la Conf\u00e9rence \u00e9piscopale nationale du Congo (Cenco) est loin de ne refl\u00e9ter ni le sacerdoce, encore moins la politique. Ces hommes en soutane semblent s\u2019\u00e9riger aujourd\u2019hui en pyromanes, donnant l\u2019impression de vouloir embraser l\u2019ar\u00e8ne politique congolaise.<\/p>\n\n\n\n<p>En effet, la Cenco soup\u00e7onne le Pr\u00e9sident de la R\u00e9publique de vouloir renvoyer les \u00e9lections de 2023 aux calendes grecques. Cela, \u00e0 environ trois ans de la fin du mandat de l\u2019actuel Chef de l\u2019Etat \u00e9lu.<br>Une telle d\u00e9marche est mal per\u00e7ue par plusieurs observateurs, quand on sait qu\u2019il aura fallu beaucoup de courage \u00e0 l\u2019actuel locattaire du palais de la Nation, pour d\u00e9boulonner le syst\u00e8me d\u00e9cri\u00e9 h\u00e9rit\u00e9 de son pr\u00e9d\u00e9cesseur et repartir sur des bases assainies incarn\u00e9es par l\u2019Union sacr\u00e9e de la Nation.<\/p>\n\n\n\n<p>Le peuple qui a \u00e9lu le chef de l\u2019\u00c9tat F\u00e9lix Tshisekedi au suffrage universel direct en d\u00e9cembre 2018, est t\u00e9moin des efforts que ne cesse de fournir ce dernier pour donner une nouvelle impulsion \u00e0 la marche du pays.<\/p>\n\n\n\n<p><strong>Les trois \u00ab\u00a0p\u00e9ch\u00e9s\u00a0\u00bb impardonnables de la Cenco<\/strong><\/p>\n\n\n\n<p>Nul n\u2019ignore que c\u2019est sous la houlette des \u00e9v\u00eaques catholiques que l\u2019ancien pr\u00e9sident de la R\u00e9publique, Joseph Kabila, avait b\u00e9n\u00e9fici\u00e9 de deux ans de glissement, gr\u00e2ce \u00e0 l\u2019Accord dit de la Cenco. Pourtant, les forces vives de la Nation avaient fait bloc pour emp\u00eacher Joseph Kabila de rester au pouvoir apr\u00e8s 2016. Ce dernier a donc \u00e9t\u00e9 sauv\u00e9 de justesse par la Cenco. Un acte impardonnable que le peuple congolais est loin d\u2019oublier.<\/p>\n\n\n\n<p><strong>Incapacit\u00e9 de remplacer Corneille Nangaa \u00e0 la Ceni<\/strong><\/p>\n\n\n\n<p>Si la RDC organisait les \u00e9lections de 2023 au-del\u00e0 de cette \u00e9ch\u00e9ance, la faute sera imputable en grande partie \u00e0 l\u2019ensemble des confessions religieuses dont fait partie la Cenco, pour avoir \u00e9t\u00e9 incapables de choisir le successeur de Corneille Nangaa \u00e0 la t\u00eate de la Commission Nationale Electorale Ind\u00e9pendante (CENI).<\/p>\n\n\n\n<p><strong>Des torpilleurs de la gratuit\u00e9 de l\u2019\u00e9ducation de base<\/strong><\/p>\n\n\n\n<p>En outre, il n\u2019est un secret pour personne que l\u2019Eglise catholique figure aujourd\u2019hui parmi les structures qui torpillent la gratuit\u00e9 de l\u2019\u00e9ducation de base en R\u00e9publique d\u00e9mocratique du Congo. Pourtant, en instaurant la gratuit\u00e9 de l\u2019enseignement de base, l\u2019actuel Pr\u00e9sident de la R\u00e9publique Fatshi n\u2019a fait qu\u2019appliquer une disposition constitutionnelle qui souffrait d\u2019ex\u00e9cution. Curieusement, les \u00e9coles catholiques ont multipli\u00e9 des gr\u00e8ves pour bloquer cette mesure, mais sans succ\u00e8s. Or, l\u2019ensemble du peuple congolais a salu\u00e9 l\u2019initiative du chef de l\u2019\u00c9tat qui a all\u00e9g\u00e9, tant soit peu, ses difficult\u00e9s sur le plan de l\u2019Education.<\/p>\n\n\n\n<p>A ce jour, des enqu\u00eates men\u00e9es d\u00e9montrent que plusieurs \u00e9coles catholiques continuent de ran\u00e7onner les parents d\u2019\u00e9l\u00e8ves en cr\u00e9ant des rubriques imaginaires pour leur soutirer de l\u2019argent. M\u00eame l\u2019Eternel Dieu n\u2019est pas d\u2019accord avec ce genre de comportement!<br>La Conf\u00e9rence Episcopale Nationale est donc appel\u00e9e \u00e0 faire preuve de neutralit\u00e9 face au monde politique, si elle tient \u00e0 pr\u00e9server sa cr\u00e9dibilit\u00e9. Il y a quelque temps, les pr\u00e9lats catholiques demandaient \u00e0 F\u00e9lix Tshisekedi de se d\u00e9barrasser de l\u2019emprise Joseph Kabila sur la marche des institutions du pays pour faire avancer le Congo.<\/p>\n\n\n\n<p>Alors que a r\u00e9ussi \u00e0 le faire sans effusion de sang, allant jusqu\u2019\u00e0 obtenir une nouvelle majorit\u00e9 parlementaire, avec de nouveaux animateurs aux bureaux de l\u2019Assembl\u00e9e nationale et du S\u00e9nat, il est \u00e9tonnant que la CENCO ne reconnaisse pas ces efforts r\u00e9alis\u00e9s. Plus grave encore, les pr\u00e9lats catholiques ont fait cette sortie m\u00e9diatique d\u00e9cri\u00e9e pendant que Sama Lukonde Kyenge, Premier ministre nouvellement nomm\u00e9 par le Chef de l\u2019Etat, s\u2019emploie \u00e0 former son \u00e9quipe gouvernementale.<\/p>\n\n\n\n<p>A presque trois ans de l\u2019\u00e9ch\u00e9ance \u00e9lectorale de 2023, il est donc inopportun de pr\u00eater au pouvoir en place une quelconque intention de ne pas organiser les prochaines \u00e9lections conform\u00e9ment au d\u00e9lai constitutionnel.<\/p>\n","protected":false},"excerpt":{"rendered":"<p>Recadr\u00e9e apr\u00e8s sa derni\u00e8re sortie m\u00e9diatique : Les trois \u00abp\u00e9ch\u00e9s\u00bb reproch\u00e9s \u00e0 la CENCO<\/p>\n","protected":false},"author":1,"featured_media":45448,"comment_status":"closed","ping_status":"closed","sticky":false,"template":"","format":"standard","meta":{"footnotes":""},"categories":[136,134,130,5],"tags":[],"class_list":["post-45447","post","type-post","status-publish","format-standard","has-post-thumbnail","hentry","category-a-la-une","category-la-tempete-des-tropiques","category-nation","category-politique"],"_links":{"self":[{"href":"https:\/\/www.latempete.info\/index.php?rest_route=\/wp\/v2\/posts\/45447"}],"collection":[{"href":"https:\/\/www.latempete.info\/index.php?rest_route=\/wp\/v2\/posts"}],"about":[{"href":"https:\/\/www.latempete.info\/index.php?rest_route=\/wp\/v2\/types\/post"}],"author":[{"embeddable":true,"href":"https:\/\/www.latempete.info\/index.php?rest_route=\/wp\/v2\/users\/1"}],"replies":[{"embeddable":true,"href":"https:\/\/www.latempete.info\/index.php?rest_route=%2Fwp%2Fv2%2Fcomments&post=45447"}],"version-history":[{"count":1,"href":"https:\/\/www.latempete.info\/index.php?rest_route=\/wp\/v2\/posts\/45447\/revisions"}],"predecessor-version":[{"id":45449,"href":"https:\/\/www.latempete.info\/index.php?rest_route=\/wp\/v2\/posts\/45447\/revisions\/45449"}],"wp:featuredmedia":[{"embeddable":true,"href":"https:\/\/www.latempete.info\/index.php?rest_route=\/wp\/v2\/media\/45448"}],"wp:attachment":[{"href":"https:\/\/www.latempete.info\/index.php?rest_route=%2Fwp%2Fv2%2Fmedia&parent=45447"}],"wp:term":[{"taxonomy":"category","embeddable":true,"href":"https:\/\/www.latempete.info\/index.php?rest_route=%2Fwp%2Fv2%2Fcategories&post=45447"},{"taxonomy":"post_tag","embeddable":true,"href":"https:\/\/www.latempete.info\/index.php?rest_route=%2Fwp%2Fv2%2Ftags&post=45447"}],"curies":[{"name":"wp","href":"https:\/\/api.w.org\/{rel}","templated":true}]}}