{"id":45452,"date":"2021-03-04T09:58:11","date_gmt":"2021-03-04T09:58:11","guid":{"rendered":"http:\/\/www.latempete.info\/?p=45452"},"modified":"2021-03-04T09:58:13","modified_gmt":"2021-03-04T09:58:13","slug":"ville-de-matadi-les-matinees-de-vulgarisation-des-textes-legaux-en-matiere-de-gouvernance-dentreprises-ont-vecu","status":"publish","type":"post","link":"https:\/\/www.latempete.info\/?p=45452","title":{"rendered":"Ville de Matadi: Les matin\u00e9es de vulgarisation des textes l\u00e9gaux en mati\u00e8re de gouvernance d\u2019entreprises ont v\u00e9cu"},"content":{"rendered":"\n<p><br>Par Dieudonn\u00e9 MuakaDimbi<\/p>\n\n\n\n<p>Du jeudi 18 au vendredi 19 f\u00e9vrier dernier, la ville de Matadi, chef-lieu de la province du Kongo Central, a abrit\u00e9 les travaux de sensibilisation et de vulgarisation des textes l\u00e9gaux, r\u00e9glementaires et de bonnes pratiques en mati\u00e8re de gouvernance des entreprises.<br>Organis\u00e9es conjointement par l\u2019Agence Nationale pour la Promotion des Investisseurs (ANAPI) et par l\u2019Office pour la Promotion des Entreprises du Congo (OPEC), ces matin\u00e9es qui avaient pour cadre la grande salle de f\u00eate de l\u2019h\u00f4tel Ledya situ\u00e9 au quartier Kinkanda dans la commune de Matadi ont connu la participation de nombreux cadres et agents \u0153uvrant dans les petites et moyennes entreprises de la province du Kongo Central.<\/p>\n\n\n\n<p>Deux jours durant, les participants ont suivi avec attention l\u2019intervention d\u2019Ez\u00e9chiel Bidwaya, Directeur G\u00e9n\u00e9ral de l\u2019OPEC qui, pour la circonstance, a pr\u00e9sent\u00e9 sommairement l\u2019Ordonnance n\u00b0 90-046 du 8 ao\u00fbt 1990 portant r\u00e8glementation de petits commerces en R\u00e9publique D\u00e9mocratique du Congo.<\/p>\n\n\n\n<p>Le deuxi\u00e8me intervenant, le Directeur-G\u00e9n\u00e9ral de l\u2019ANAPI, s\u2019est appesanti, quant \u00e0 lui,\u00a0sur les effets de la fiscalit\u00e9 congolaise et son impact dans le d\u00e9veloppement de petites et moyennes entreprises. Tr\u00e8s satisfait par l\u2019organisation des travaux de ces matin\u00e9es, Pierre KabanguNsalambi, ministre provincial en charge des Finances repr\u00e9sentant l\u2019autorit\u00e9 provinciale emp\u00each\u00e9e, a mis en exergue les \u00e9changes riches en enseignement qui ont caract\u00e9ris\u00e9 ces travaux et au cours desquels d\u2019importantes recommandations ont \u00e9t\u00e9 formul\u00e9es par les apprenants dont les principales, a-t-il indiqu\u00e9, ont \u00e9t\u00e9 entre autres l\u2019uniformisation de la d\u00e9finition de petites et moyennes entreprises en RD. <\/p>\n\n\n\n<p>Congo\u00a0; la digitalisation des m\u00e9canismes de paiement des imp\u00f4ts et taxes\u00a0; l\u2019appel de l\u2019ANAPI aux PME pour l\u2019approcher afin de b\u00e9n\u00e9ficier des avantages du co\u00fbt des investissements\u00a0; L\u2019interpr\u00e9tation par les PME de l\u2019entreprenariat notamment \u00e0 prendre en consid\u00e9ration les erreurs des autres pour s\u2019am\u00e9liorer\u00a0; le respect des entreprises concurrentes\u00a0; la transformation des d\u00e9fis en opportunit\u00e9\u2026etc.<\/p>\n\n\n\n<p>Pour Pierre Kabangu Nsalambi, le jeune argentier de la province du Kongo Central, le gouvernement provincial, a-t-il dit, reste convaincu que les deux jours de ces matin\u00e9es de sensibilisation et de vulgarisation n\u2019ont pas \u00e9t\u00e9 vains. Elles \u00e9taient plut\u00f4t profitables aux participants qui vont davantage am\u00e9liorer leur rendement. <\/p>\n\n\n\n<p>En bref, a-t-il enfin rassur\u00e9, les cadres et agents des PME du Kongo Central ont \u00e9t\u00e9 mis \u00e0 niveau et peuvent maintenant \u00e9voluer vers la comp\u00e9titivit\u00e9 tant recherch\u00e9e. C\u2019est en ce terme qu\u2019il a cl\u00f4tur\u00e9 les assises de ces matin\u00e9es au nom du gouverneur Atou Matubuana Nkuluki.<br>A noter que ce dernier \u00e9tait accompagn\u00e9 de son coll\u00e8gue Ricky Ndamba Musunda, ministre provincial en charge des transports et voies de communication qui repr\u00e9sentait le ministre provincial en charge du Budget aux travaux desdites matin\u00e9es.<\/p>\n","protected":false},"excerpt":{"rendered":"<p>Ville de Matadi: Les matin\u00e9es de vulgarisation des textes l\u00e9gaux en mati\u00e8re de gouvernance d\u2019entreprises ont v\u00e9cu<\/p>\n","protected":false},"author":1,"featured_media":0,"comment_status":"closed","ping_status":"closed","sticky":false,"template":"","format":"standard","meta":{"footnotes":""},"categories":[134,5,25],"tags":[],"class_list":["post-45452","post","type-post","status-publish","format-standard","hentry","category-la-tempete-des-tropiques","category-politique","category-province"],"_links":{"self":[{"href":"https:\/\/www.latempete.info\/index.php?rest_route=\/wp\/v2\/posts\/45452"}],"collection":[{"href":"https:\/\/www.latempete.info\/index.php?rest_route=\/wp\/v2\/posts"}],"about":[{"href":"https:\/\/www.latempete.info\/index.php?rest_route=\/wp\/v2\/types\/post"}],"author":[{"embeddable":true,"href":"https:\/\/www.latempete.info\/index.php?rest_route=\/wp\/v2\/users\/1"}],"replies":[{"embeddable":true,"href":"https:\/\/www.latempete.info\/index.php?rest_route=%2Fwp%2Fv2%2Fcomments&post=45452"}],"version-history":[{"count":1,"href":"https:\/\/www.latempete.info\/index.php?rest_route=\/wp\/v2\/posts\/45452\/revisions"}],"predecessor-version":[{"id":45453,"href":"https:\/\/www.latempete.info\/index.php?rest_route=\/wp\/v2\/posts\/45452\/revisions\/45453"}],"wp:attachment":[{"href":"https:\/\/www.latempete.info\/index.php?rest_route=%2Fwp%2Fv2%2Fmedia&parent=45452"}],"wp:term":[{"taxonomy":"category","embeddable":true,"href":"https:\/\/www.latempete.info\/index.php?rest_route=%2Fwp%2Fv2%2Fcategories&post=45452"},{"taxonomy":"post_tag","embeddable":true,"href":"https:\/\/www.latempete.info\/index.php?rest_route=%2Fwp%2Fv2%2Ftags&post=45452"}],"curies":[{"name":"wp","href":"https:\/\/api.w.org\/{rel}","templated":true}]}}