{"id":45459,"date":"2021-03-04T11:47:04","date_gmt":"2021-03-04T11:47:04","guid":{"rendered":"http:\/\/www.latempete.info\/?p=45459"},"modified":"2021-03-04T11:47:06","modified_gmt":"2021-03-04T11:47:06","slug":"cinema-lacteur-chadwick-boseman-sacre-aux-golden-globes-2021-a-titre-posthume","status":"publish","type":"post","link":"https:\/\/www.latempete.info\/?p=45459","title":{"rendered":"Cin\u00e9ma: l\u2019acteur Chadwick Boseman sacr\u00e9 aux Golden Globes 2021 \u00e0 titre posthume"},"content":{"rendered":"\n<p><br>C\u2019est sa veuve qui a re\u00e7u son prix<br>Par YHR<\/p>\n\n\n\n<p>L\u2019acteur Chadwick Boseman a \u00e9t\u00e9 r\u00e9compens\u00e9 \u00e0 titre posthume du Golden Globes 2021 du meilleur acteur dans un film dramatique le dimanche 28 f\u00e9vrier pour son r\u00f4le dans le \u00ab&nbsp;Blues de Ma Rainey&nbsp;\u00bb. C\u2019est sa veuve, Taylor Simone Ledward, qui a re\u00e7u la r\u00e9compense. Elle lui a rendu un vibrant hommage au moment de la recevoir.<\/p>\n\n\n\n<p>\u00ab\u00a0Blues de Ma Rainey\u00a0\u00bb<\/p>\n\n\n\n<p>\u00ab\u00a0Il remercierait Dieu, ses parents et ses anc\u00eatres qui ont fait des sacrifices et lui ont ouvert la voie\u00a0\u00bb, a-t-elle d\u00e9clar\u00e9. \u00ab\u00a0Il dirait quelque chose de merveilleux, quelque chose de beau qui vous inspirerait. Quelque chose qui amplifierait cette petite voix \u00e0 l\u2019int\u00e9rieur de\u00a0 nous tous qui dit: \u2018tu peux le faire, tu dois continuer\u2019. <\/p>\n\n\n\n<p>Cette petite voix qui te rappelle ce que tu es cens\u00e9 faire \u00e0 ce moment.\u00a0\u00bb. \u00ab\u00a0Moi malheureusement je n\u2019ai pas les mots de Chadwick, mais nous devons saisir tous les instants qui nous sont donn\u00e9s pour c\u00e9l\u00e9brer ceux que nous aimons. Mon ch\u00e9ri, ne t\u2019inqui\u00e8te pas nous nous retrouverons\u00a0\u00bb, a conclu Taylor Simone Ledward, tout en remerciant la Hollywood Foreign Press Association de lui permettre d\u2019honorer la m\u00e9moire de son mari.<\/p>\n\n\n\n<p>Le h\u00e9ros\u00a0du film \u00ab\u00a0Black Panther\u00a0\u00bb,<\/p>\n\n\n\n<p>Chadwick Boseman est mort le 28 ao\u00fbt 2020 d\u2019un cancer du c\u00f4lon. L\u2019acteur principal du film de superh\u00e9ros\u00a0Marvel \u00ab\u00a0Black Panther\u00a0\u00bb, \u00a0sorti en 2018, \u00e9tait \u00e2g\u00e9 de seulement 43 ans.\u00a0\u00ab\u00a0Le Blues de Ma Rainey\u00a0\u00bb, long-m\u00e9trage pour lequel il a \u00e9t\u00e9 distingu\u00e9, \u00e9tait la derni\u00e8re \u0153uvre dans laquelle il avait tourn\u00e9. Le d\u00e9funt acteur l\u2019a emport\u00e9 face \u00e0 des poids lourds comme Anthony Hopkins, huit fois candidat malheureux aux Golden Globes.<\/p>\n","protected":false},"excerpt":{"rendered":"<p>Cin\u00e9ma: l\u2019acteur Chadwick Boseman sacr\u00e9 aux Golden Globes 2021 \u00e0 titre posthume<\/p>\n","protected":false},"author":1,"featured_media":0,"comment_status":"closed","ping_status":"closed","sticky":false,"template":"","format":"standard","meta":{"footnotes":""},"categories":[126,8,134],"tags":[],"class_list":["post-45459","post","type-post","status-publish","format-standard","hentry","category-cinema","category-culture-media","category-la-tempete-des-tropiques"],"_links":{"self":[{"href":"https:\/\/www.latempete.info\/index.php?rest_route=\/wp\/v2\/posts\/45459"}],"collection":[{"href":"https:\/\/www.latempete.info\/index.php?rest_route=\/wp\/v2\/posts"}],"about":[{"href":"https:\/\/www.latempete.info\/index.php?rest_route=\/wp\/v2\/types\/post"}],"author":[{"embeddable":true,"href":"https:\/\/www.latempete.info\/index.php?rest_route=\/wp\/v2\/users\/1"}],"replies":[{"embeddable":true,"href":"https:\/\/www.latempete.info\/index.php?rest_route=%2Fwp%2Fv2%2Fcomments&post=45459"}],"version-history":[{"count":1,"href":"https:\/\/www.latempete.info\/index.php?rest_route=\/wp\/v2\/posts\/45459\/revisions"}],"predecessor-version":[{"id":45460,"href":"https:\/\/www.latempete.info\/index.php?rest_route=\/wp\/v2\/posts\/45459\/revisions\/45460"}],"wp:attachment":[{"href":"https:\/\/www.latempete.info\/index.php?rest_route=%2Fwp%2Fv2%2Fmedia&parent=45459"}],"wp:term":[{"taxonomy":"category","embeddable":true,"href":"https:\/\/www.latempete.info\/index.php?rest_route=%2Fwp%2Fv2%2Fcategories&post=45459"},{"taxonomy":"post_tag","embeddable":true,"href":"https:\/\/www.latempete.info\/index.php?rest_route=%2Fwp%2Fv2%2Ftags&post=45459"}],"curies":[{"name":"wp","href":"https:\/\/api.w.org\/{rel}","templated":true}]}}