{"id":45464,"date":"2021-03-05T08:00:42","date_gmt":"2021-03-05T08:00:42","guid":{"rendered":"http:\/\/www.latempete.info\/?p=45464"},"modified":"2021-03-05T08:03:22","modified_gmt":"2021-03-05T08:03:22","slug":"vaccin-anti-covid-des-congolais-reticents","status":"publish","type":"post","link":"https:\/\/www.latempete.info\/?p=45464","title":{"rendered":"Vaccin anti-Covid : des Congolais r\u00e9ticents"},"content":{"rendered":"\n<p><br>Par LM<\/p>\n\n\n\n<p>Une premi\u00e8re dose de 1 700 000 doses de vaccin anti Covid est arriv\u00e9e mercredi 3 mars 2021 \u00e0 Kinshasa. Le ministre de la Sant\u00e9, Dr Eteni Longondo qui a r\u00e9ceptionn\u00e9 le colis, a annonc\u00e9 que la vaccination d\u00e9bute le 12 avril prochain en R\u00e9publique d\u00e9mocratique du Congo.<\/p>\n\n\n\n<p>L&rsquo;information est per\u00e7ue, par l&rsquo;opinion nationale, comme l&rsquo;accomplissement d&rsquo;un plan diabolique concoct\u00e9 par des occidentaux pour r\u00e9duire le nombre d&rsquo;habitants sur terre, avec comme principale cible le continent africain. Des messages ne cessent de gagner des r\u00e9seaux sociaux pour demander aux Congolais de dire \u00a0\u00bb non \u00a0\u00bb \u00e0 ce \u00a0\u00bb poison \u00a0\u00bb contre l&rsquo;humanit\u00e9. Bien avant l&rsquo;arriv\u00e9e de ce vaccin, il y a eu un ballon d&rsquo;essai dans la partie Est de la R\u00e9publique d\u00e9mocratique du Congo o\u00f9 des d\u00e9bandades ont \u00e9t\u00e9 enregistr\u00e9es dans plusieurs \u00e9coles. <\/p>\n\n\n\n<p>En effet, inform\u00e9s que leurs enfants se pr\u00e9parent \u00e0 se faire vacciner contre le Coronavirus, des parents se sont rendus pr\u00e9cipitamment dans des \u00e9coles pour r\u00e9cup\u00e9rer les \u00e9l\u00e8ves, les ramener \u00e0 la maison, afin d&rsquo;\u00e9viter ce vaccin. Car, pour ces parents, ce vaccin tue.<br>De passage \u00e0 la radio Top Congo le m\u00eame mercredi 3 mars, le ministre de la Sant\u00e9 a clairement d\u00e9clar\u00e9 que m\u00eame si on est vaccin\u00e9, on doit continuer \u00e0 observer les gestes barri\u00e8res. C&rsquo;est-\u00e0-dire, m\u00eame apr\u00e8s le vaccin, on peut toujours attraper le Corona. Et aux Congolais de se demander le pourquoi de ce vaccin.<\/p>\n\n\n\n<p>A Kinshasa, des gens sont tr\u00e8s r\u00e9ticents. Etant donn\u00e9 que le vaccin n&rsquo;est pas obligatoire, comme l&rsquo;a soulign\u00e9 Dr Eteni Longondo, beaucoup de Kinois pr\u00e9f\u00e8rent ne pas se faire vacciner. Selon la plupart d&rsquo;entre eux, de la premi\u00e8re vague \u00e0 la deuxi\u00e8me, le taux de d\u00e9c\u00e8s d\u00fb \u00e0 cette pand\u00e9mie est de moins d&rsquo;3%. <\/p>\n\n\n\n<p>Ils se demandent alors pourquoi autant d&rsquo;engouement autour de ce vaccin. Dans une vid\u00e9o r\u00e9alis\u00e9e par l&rsquo;\u00e9v\u00eaque Pascal Mukuna, r\u00e9pandue dans les r\u00e9seaux sociaux, l&rsquo;homme de Dieu demande aux autorit\u00e9s du pays de se faire vacciner en premier, avant de se rabattre \u00e0 la population. Il dit ne pas trouver l&rsquo;opportunit\u00e9 d&rsquo;une telle initiative au Congo d\u00e9mocratique qui a su r\u00e9sister \u00e0 ce virus depuis le 10 mars 2021.<\/p>\n","protected":false},"excerpt":{"rendered":"<p>Vaccin anti-Covid : des Congolais r\u00e9ticents<\/p>\n","protected":false},"author":1,"featured_media":45465,"comment_status":"closed","ping_status":"closed","sticky":false,"template":"","format":"standard","meta":{"footnotes":""},"categories":[136,134,122,10],"tags":[],"class_list":["post-45464","post","type-post","status-publish","format-standard","has-post-thumbnail","hentry","category-a-la-une","category-la-tempete-des-tropiques","category-sante","category-societe"],"_links":{"self":[{"href":"https:\/\/www.latempete.info\/index.php?rest_route=\/wp\/v2\/posts\/45464"}],"collection":[{"href":"https:\/\/www.latempete.info\/index.php?rest_route=\/wp\/v2\/posts"}],"about":[{"href":"https:\/\/www.latempete.info\/index.php?rest_route=\/wp\/v2\/types\/post"}],"author":[{"embeddable":true,"href":"https:\/\/www.latempete.info\/index.php?rest_route=\/wp\/v2\/users\/1"}],"replies":[{"embeddable":true,"href":"https:\/\/www.latempete.info\/index.php?rest_route=%2Fwp%2Fv2%2Fcomments&post=45464"}],"version-history":[{"count":1,"href":"https:\/\/www.latempete.info\/index.php?rest_route=\/wp\/v2\/posts\/45464\/revisions"}],"predecessor-version":[{"id":45466,"href":"https:\/\/www.latempete.info\/index.php?rest_route=\/wp\/v2\/posts\/45464\/revisions\/45466"}],"wp:featuredmedia":[{"embeddable":true,"href":"https:\/\/www.latempete.info\/index.php?rest_route=\/wp\/v2\/media\/45465"}],"wp:attachment":[{"href":"https:\/\/www.latempete.info\/index.php?rest_route=%2Fwp%2Fv2%2Fmedia&parent=45464"}],"wp:term":[{"taxonomy":"category","embeddable":true,"href":"https:\/\/www.latempete.info\/index.php?rest_route=%2Fwp%2Fv2%2Fcategories&post=45464"},{"taxonomy":"post_tag","embeddable":true,"href":"https:\/\/www.latempete.info\/index.php?rest_route=%2Fwp%2Fv2%2Ftags&post=45464"}],"curies":[{"name":"wp","href":"https:\/\/api.w.org\/{rel}","templated":true}]}}