{"id":45468,"date":"2021-03-05T08:07:50","date_gmt":"2021-03-05T08:07:50","guid":{"rendered":"http:\/\/www.latempete.info\/?p=45468"},"modified":"2021-03-05T08:07:52","modified_gmt":"2021-03-05T08:07:52","slug":"epst-le-proces-des-fonds-alloues-a-la-gratuite-souvre-ce-vendredi-a-makala","status":"publish","type":"post","link":"https:\/\/www.latempete.info\/?p=45468","title":{"rendered":"EPST: le proc\u00e8s des fonds allou\u00e9s \u00e0 la gratuit\u00e9 s&rsquo;ouvre ce vendredi \u00e0 Makala"},"content":{"rendered":"\n<p><br>Par LM<\/p>\n\n\n\n<p>Ce vendredi 05 mars 2021, s&rsquo;ouvre \u00e0 la prison centrale de Makala, le proc\u00e8s sur le pr\u00e9sum\u00e9 d\u00e9tournement des fonds allou\u00e9s \u00e0 la gratuit\u00e9 de l&rsquo;enseignement de base. Ce proc\u00e8s est cons\u00e9cutif \u00e0 la d\u00e9nonciation de l&rsquo;Inspection g\u00e9n\u00e9rale des finances ( IGF) sur les magouilles \u00e0 l&rsquo;Enseignement primaire secondaire et technique (EPST). Ce proc\u00e8s sera retransmis en direct \u00e0 la Radio t\u00e9l\u00e9vision nationale congolaise ( RTNC), annonce le service de communication de l&rsquo;IGF.<\/p>\n\n\n\n<p>Le dossier d&rsquo;accusation se fonde sur le rapport de l&rsquo;IGF rendu public au mois de novembre 2020.<br>Ce rapport a r\u00e9v\u00e9l\u00e9 l&rsquo;existence des faux arr\u00eat\u00e9s antidat\u00e9s de recrutement des agents et de cr\u00e9ation des \u00e9coles, ainsi que l&rsquo;explosion du personnel non enseignant au d\u00e9triment du personnel enseignant; \u00e9galement un pr\u00e9sum\u00e9 d\u00e9tournement de 62 milliards de Francs Congolais, et l&rsquo;utilisation des fausses factures pour d\u00e9tourner les fonds mis \u00e0 la disposition par l&rsquo;\u00c9tat Congolais.<\/p>\n\n\n\n<p>De plus, l&rsquo;IGF a identifi\u00e9 5 hauts responsables du minist\u00e8re de l&rsquo;EPST et quelques agents de la direction de la paie, du tr\u00e9sor et de l&rsquo;ordonnancement du minist\u00e8re des Finances comme responsables de ces magouilles.<br>Le directeur national du SECOPE ainsi que l&rsquo;Inspecteur g\u00e9n\u00e9ral de l&rsquo;EPST ont \u00e9t\u00e9 arr\u00eat\u00e9s \u00e0 la suite de ces r\u00e9v\u00e9lations de l&rsquo;IGF.<\/p>\n","protected":false},"excerpt":{"rendered":"<p>EPST: le proc\u00e8s des fonds allou\u00e9s \u00e0 la gratuit\u00e9 s&rsquo;ouvre ce vendredi \u00e0 Makala<\/p>\n","protected":false},"author":1,"featured_media":45469,"comment_status":"closed","ping_status":"closed","sticky":false,"template":"","format":"standard","meta":{"footnotes":""},"categories":[136,42,860,134,10],"tags":[],"class_list":["post-45468","post","type-post","status-publish","format-standard","has-post-thumbnail","hentry","category-a-la-une","category-education","category-justice","category-la-tempete-des-tropiques","category-societe"],"_links":{"self":[{"href":"https:\/\/www.latempete.info\/index.php?rest_route=\/wp\/v2\/posts\/45468"}],"collection":[{"href":"https:\/\/www.latempete.info\/index.php?rest_route=\/wp\/v2\/posts"}],"about":[{"href":"https:\/\/www.latempete.info\/index.php?rest_route=\/wp\/v2\/types\/post"}],"author":[{"embeddable":true,"href":"https:\/\/www.latempete.info\/index.php?rest_route=\/wp\/v2\/users\/1"}],"replies":[{"embeddable":true,"href":"https:\/\/www.latempete.info\/index.php?rest_route=%2Fwp%2Fv2%2Fcomments&post=45468"}],"version-history":[{"count":1,"href":"https:\/\/www.latempete.info\/index.php?rest_route=\/wp\/v2\/posts\/45468\/revisions"}],"predecessor-version":[{"id":45470,"href":"https:\/\/www.latempete.info\/index.php?rest_route=\/wp\/v2\/posts\/45468\/revisions\/45470"}],"wp:featuredmedia":[{"embeddable":true,"href":"https:\/\/www.latempete.info\/index.php?rest_route=\/wp\/v2\/media\/45469"}],"wp:attachment":[{"href":"https:\/\/www.latempete.info\/index.php?rest_route=%2Fwp%2Fv2%2Fmedia&parent=45468"}],"wp:term":[{"taxonomy":"category","embeddable":true,"href":"https:\/\/www.latempete.info\/index.php?rest_route=%2Fwp%2Fv2%2Fcategories&post=45468"},{"taxonomy":"post_tag","embeddable":true,"href":"https:\/\/www.latempete.info\/index.php?rest_route=%2Fwp%2Fv2%2Ftags&post=45468"}],"curies":[{"name":"wp","href":"https:\/\/api.w.org\/{rel}","templated":true}]}}