{"id":45471,"date":"2021-03-05T08:53:06","date_gmt":"2021-03-05T08:53:06","guid":{"rendered":"http:\/\/www.latempete.info\/?p=45471"},"modified":"2021-03-05T08:53:08","modified_gmt":"2021-03-05T08:53:08","slug":"senat-remise-et-reprise-ce-vendredi-entre-mamboleo-et-lukwebo","status":"publish","type":"post","link":"https:\/\/www.latempete.info\/?p=45471","title":{"rendered":"S\u00e9nat: remise et reprise ce vendredi entre Mamboleo et Lukwebo"},"content":{"rendered":"\n<p><br>Par LM<\/p>\n\n\n\n<p>La c\u00e9r\u00e9monie de la remise et reprise entre le bureau d&rsquo;\u00e2ge dirig\u00e9 par L\u00e9on Mamboleo et le bureau d\u00e9finitif que va diriger Bahati Lukwebo aura lieu ce vendredi 5 mars \u00e0 11 heures. Cette information est confirm\u00e9e par les proches des deux bureaux.<br>Les membres du nouveau bureau d\u00e9finitif ont \u00e9t\u00e9 \u00e9lus et install\u00e9s le 2 mars dernier.<\/p>\n\n\n\n<p><strong>Voici sa composition :<\/strong><\/p>\n\n\n\n<p>Pr\u00e9sident : Bahati Lukwebo<br>1er vice-pr\u00e9sident : Samy Badibanga<br>2e Vice-pr\u00e9sident : Sanguma Temongonde Mossai<br>Rapporteur : Kanimbu Shindany Michel<br>Rapporteur adjoint : Bul&rsquo; An&rsquo; Sung Nathalie<br>Questeur : Agito Amela Carole<br>Questeur adjoint : Kidima Nzumba Ida<br>Ce nouveau bureau d\u00e9finitif conduit par Bahati Lukwebo va remplacer celui de Thambwe Mwamba dont 6 de ses 7 membres avaient d\u00e9missionn\u00e9 le 5 f\u00e9vrier dernier \u00e0 la suite des p\u00e9titions d\u00e9pos\u00e9es contre eux en vue de leur d\u00e9ch\u00e9ance. Seul Samy Badibanga qui se retrouve dans le bureau Bahati en est le rescap\u00e9.<br>La p\u00e9tition contre lui avait \u00e9t\u00e9 rejet\u00e9e par la pl\u00e9ni\u00e8re.<\/p>\n\n\n\n<p><\/p>\n","protected":false},"excerpt":{"rendered":"<p>S\u00e9nat: remise et reprise ce vendredi entre Mamboleo et Lukwebo<\/p>\n","protected":false},"author":1,"featured_media":45472,"comment_status":"closed","ping_status":"closed","sticky":false,"template":"","format":"standard","meta":{"footnotes":""},"categories":[136,134,130,5],"tags":[],"class_list":["post-45471","post","type-post","status-publish","format-standard","has-post-thumbnail","hentry","category-a-la-une","category-la-tempete-des-tropiques","category-nation","category-politique"],"_links":{"self":[{"href":"https:\/\/www.latempete.info\/index.php?rest_route=\/wp\/v2\/posts\/45471"}],"collection":[{"href":"https:\/\/www.latempete.info\/index.php?rest_route=\/wp\/v2\/posts"}],"about":[{"href":"https:\/\/www.latempete.info\/index.php?rest_route=\/wp\/v2\/types\/post"}],"author":[{"embeddable":true,"href":"https:\/\/www.latempete.info\/index.php?rest_route=\/wp\/v2\/users\/1"}],"replies":[{"embeddable":true,"href":"https:\/\/www.latempete.info\/index.php?rest_route=%2Fwp%2Fv2%2Fcomments&post=45471"}],"version-history":[{"count":1,"href":"https:\/\/www.latempete.info\/index.php?rest_route=\/wp\/v2\/posts\/45471\/revisions"}],"predecessor-version":[{"id":45473,"href":"https:\/\/www.latempete.info\/index.php?rest_route=\/wp\/v2\/posts\/45471\/revisions\/45473"}],"wp:featuredmedia":[{"embeddable":true,"href":"https:\/\/www.latempete.info\/index.php?rest_route=\/wp\/v2\/media\/45472"}],"wp:attachment":[{"href":"https:\/\/www.latempete.info\/index.php?rest_route=%2Fwp%2Fv2%2Fmedia&parent=45471"}],"wp:term":[{"taxonomy":"category","embeddable":true,"href":"https:\/\/www.latempete.info\/index.php?rest_route=%2Fwp%2Fv2%2Fcategories&post=45471"},{"taxonomy":"post_tag","embeddable":true,"href":"https:\/\/www.latempete.info\/index.php?rest_route=%2Fwp%2Fv2%2Ftags&post=45471"}],"curies":[{"name":"wp","href":"https:\/\/api.w.org\/{rel}","templated":true}]}}