{"id":45474,"date":"2021-03-05T08:58:42","date_gmt":"2021-03-05T08:58:42","guid":{"rendered":"http:\/\/www.latempete.info\/?p=45474"},"modified":"2021-03-05T08:58:44","modified_gmt":"2021-03-05T08:58:44","slug":"stabilisation-de-lest-la-nouvelle-representante-de-la-monusco-promet-dappuyer-felix-tshisekedi","status":"publish","type":"post","link":"https:\/\/www.latempete.info\/?p=45474","title":{"rendered":"Stabilisation de l&rsquo;Est: La nouvelle repr\u00e9sentante de la Monusco promet d&rsquo;appuyer F\u00e9lix Tshisekedi"},"content":{"rendered":"\n<p><br>Par LM<\/p>\n\n\n\n<p>La repr\u00e9sentante sp\u00e9ciale du secr\u00e9taire g\u00e9n\u00e9ral des Nations Unies en RDC, Bintou Keita, a indiqu\u00e9 jeudi 4 mars 2021 que la Monusco va appuyer la vision du chef de l&rsquo;Etat pour la stabilit\u00e9 \u00e0 l&rsquo;Est de la RDC. Elle l&rsquo;a dit au cours de l&rsquo;audience accord\u00e9e par la ministre d&rsquo;Etat, ministre des Affaires \u00e9trang\u00e8res, Marie Tumba Nzeza, dans son cabinet.<\/p>\n\n\n\n<p>Selon Bintou Keita, la stabilit\u00e9 \u00e0 l&rsquo;Est de la RDC, constitue une priorit\u00e9 du Pr\u00e9sident de la R\u00e9publique F\u00e9lix Antoine Tshisekedi Tshilombo pour laquelle la Monusco promet de l&rsquo;appuyer dans cette vision. \u00a0\u00bb La Monusco est l\u00e0 pour appuyer les efforts de l&rsquo;autorit\u00e9 nationale, ainsi ensemble nous devons arriver \u00e0 faire en sorte que la zone de l&rsquo;Est de la RDC soit en paix et stabilis\u00e9e.<\/p>\n\n\n\n<p>C&rsquo;est un effort conjoint de partenariat et c&rsquo;est de cette mani\u00e8re que nous arriveront \u00e0 faire en sorte que la population se sente s\u00e9curis\u00e9e \u00ab\u00a0, a soulign\u00e9 la repr\u00e9sentante sp\u00e9ciale du secr\u00e9taire g\u00e9n\u00e9ral de la Monusco en RDC. Elle a fait savoir que les priorit\u00e9s de la mission de la Monusco, celle qui lui est conf\u00e9r\u00e9e par le Conseil de s\u00e9curit\u00e9, entre autres, la question li\u00e9e \u00e0 la protection des civils, le renforcement des institutions et l&rsquo;accompagnement de la stabilisation dans la zone de l&rsquo;Est dans le contexte d&rsquo;un partenariat et d&rsquo;un leadership de l&rsquo;autorit\u00e9 national.<\/p>\n\n\n\n<p>Bintou Keita en RDC a soutenu que son mandat est plac\u00e9 sous le signe de l&rsquo;alignement des \u00e9toiles c&rsquo;est-\u00e0-dire la positivit\u00e9.<\/p>\n","protected":false},"excerpt":{"rendered":"<p>Stabilisation de l&rsquo;Est: La nouvelle repr\u00e9sentante de la Monusco promet d&rsquo;appuyer F\u00e9lix Tshisekedi<\/p>\n","protected":false},"author":1,"featured_media":45475,"comment_status":"closed","ping_status":"closed","sticky":false,"template":"","format":"standard","meta":{"footnotes":""},"categories":[136,134,130,5],"tags":[],"class_list":["post-45474","post","type-post","status-publish","format-standard","has-post-thumbnail","hentry","category-a-la-une","category-la-tempete-des-tropiques","category-nation","category-politique"],"_links":{"self":[{"href":"https:\/\/www.latempete.info\/index.php?rest_route=\/wp\/v2\/posts\/45474"}],"collection":[{"href":"https:\/\/www.latempete.info\/index.php?rest_route=\/wp\/v2\/posts"}],"about":[{"href":"https:\/\/www.latempete.info\/index.php?rest_route=\/wp\/v2\/types\/post"}],"author":[{"embeddable":true,"href":"https:\/\/www.latempete.info\/index.php?rest_route=\/wp\/v2\/users\/1"}],"replies":[{"embeddable":true,"href":"https:\/\/www.latempete.info\/index.php?rest_route=%2Fwp%2Fv2%2Fcomments&post=45474"}],"version-history":[{"count":1,"href":"https:\/\/www.latempete.info\/index.php?rest_route=\/wp\/v2\/posts\/45474\/revisions"}],"predecessor-version":[{"id":45476,"href":"https:\/\/www.latempete.info\/index.php?rest_route=\/wp\/v2\/posts\/45474\/revisions\/45476"}],"wp:featuredmedia":[{"embeddable":true,"href":"https:\/\/www.latempete.info\/index.php?rest_route=\/wp\/v2\/media\/45475"}],"wp:attachment":[{"href":"https:\/\/www.latempete.info\/index.php?rest_route=%2Fwp%2Fv2%2Fmedia&parent=45474"}],"wp:term":[{"taxonomy":"category","embeddable":true,"href":"https:\/\/www.latempete.info\/index.php?rest_route=%2Fwp%2Fv2%2Fcategories&post=45474"},{"taxonomy":"post_tag","embeddable":true,"href":"https:\/\/www.latempete.info\/index.php?rest_route=%2Fwp%2Fv2%2Ftags&post=45474"}],"curies":[{"name":"wp","href":"https:\/\/api.w.org\/{rel}","templated":true}]}}