{"id":45477,"date":"2021-03-05T10:05:07","date_gmt":"2021-03-05T10:05:07","guid":{"rendered":"http:\/\/www.latempete.info\/?p=45477"},"modified":"2021-03-05T10:05:13","modified_gmt":"2021-03-05T10:05:13","slug":"nord-kivu-olpa-exige-une-enquete-apres-lagression-dun-journaliste-a-oicha","status":"publish","type":"post","link":"https:\/\/www.latempete.info\/?p=45477","title":{"rendered":"Nord-Kivu: OLPA exige une enqu\u00eate apr\u00e8s l&rsquo;agression d&rsquo;un journaliste \u00e0 O\u00efcha"},"content":{"rendered":"\n<p><br>Par GKM<\/p>\n\n\n\n<p>Dans un communiqu\u00e9, l&rsquo;Observatoire de la Libert\u00e9 de la Presse en Afrique (OLPA), une organisation ind\u00e9pendante de d\u00e9fense et de promotion de la libert\u00e9 de la presse en RDC, condamne l&rsquo;agression brutale de Janvier Katembo Kombi, journaliste \u00e0 radio Moto O\u00efcha, station communautaire \u00e9mettant \u00e0 O\u00efcha, dans le territoire de Beni, au Nord-Kivu.<\/p>\n\n\n\n<p>D&rsquo;apr\u00e8s OLPA, le journaliste a \u00e9t\u00e9 pris \u00e0 partie le 2 mars 2021 par des individus non autrement identifi\u00e9s \u00e0 Mbimbi, un quartier de la cit\u00e9 d&rsquo;O\u00efcha, en territoire de Beni. C&rsquo;\u00e9tait au moment o\u00f9 le journaliste tentait d&rsquo;effectuer un reportage apr\u00e8s l&rsquo;atterrissage brusque d&rsquo;un h\u00e9licopt\u00e8re de la Monusco sur un terrain du quartier Mbimbi, cr\u00e9ant une panique g\u00e9n\u00e9ralis\u00e9e chez les habitants du coin.<\/p>\n\n\n\n<p>Voulant interviewer le chef du quartier Mbimbi, des individus se sont interpos\u00e9s pour l&rsquo;en emp\u00eacher. Ils s&rsquo;en sont pris violemment \u00e0 lui, et s&rsquo;en est sorti avec plusieurs l\u00e9sions corporelles. Par la suite, il a \u00e9t\u00e9 conduit dans un centre de sant\u00e9 pour des soins appropri\u00e9s, regrette l&rsquo;organisaton.<\/p>\n\n\n\n<p>OLPA condamne vigoureusement cette agression injustifi\u00e9e d&rsquo;un journaliste en plein exercice de son m\u00e9tier. Cet acte constitue, selon cette structure, une atteinte \u00e0 la libert\u00e9 de la presse, garantie par la loi congolaise et les instruments juridiques internationaux relatifs aux droits de l&rsquo;homme.<\/p>\n\n\n\n<p>Par cons\u00e9quent, OLPA exige une enqu\u00eate s\u00e9rieuse pour identifier les auteurs de cet acte afin qu&rsquo;ils soient sanctionn\u00e9s conform\u00e9ment \u00e0 la loi.<\/p>\n","protected":false},"excerpt":{"rendered":"<p>Nord-Kivu: OLPA exige une enqu\u00eate apr\u00e8s l&rsquo;agression d&rsquo;un journaliste \u00e0 O\u00efcha<\/p>\n","protected":false},"author":1,"featured_media":0,"comment_status":"closed","ping_status":"closed","sticky":false,"template":"","format":"standard","meta":{"footnotes":""},"categories":[134,130,5],"tags":[],"class_list":["post-45477","post","type-post","status-publish","format-standard","hentry","category-la-tempete-des-tropiques","category-nation","category-politique"],"_links":{"self":[{"href":"https:\/\/www.latempete.info\/index.php?rest_route=\/wp\/v2\/posts\/45477"}],"collection":[{"href":"https:\/\/www.latempete.info\/index.php?rest_route=\/wp\/v2\/posts"}],"about":[{"href":"https:\/\/www.latempete.info\/index.php?rest_route=\/wp\/v2\/types\/post"}],"author":[{"embeddable":true,"href":"https:\/\/www.latempete.info\/index.php?rest_route=\/wp\/v2\/users\/1"}],"replies":[{"embeddable":true,"href":"https:\/\/www.latempete.info\/index.php?rest_route=%2Fwp%2Fv2%2Fcomments&post=45477"}],"version-history":[{"count":1,"href":"https:\/\/www.latempete.info\/index.php?rest_route=\/wp\/v2\/posts\/45477\/revisions"}],"predecessor-version":[{"id":45478,"href":"https:\/\/www.latempete.info\/index.php?rest_route=\/wp\/v2\/posts\/45477\/revisions\/45478"}],"wp:attachment":[{"href":"https:\/\/www.latempete.info\/index.php?rest_route=%2Fwp%2Fv2%2Fmedia&parent=45477"}],"wp:term":[{"taxonomy":"category","embeddable":true,"href":"https:\/\/www.latempete.info\/index.php?rest_route=%2Fwp%2Fv2%2Fcategories&post=45477"},{"taxonomy":"post_tag","embeddable":true,"href":"https:\/\/www.latempete.info\/index.php?rest_route=%2Fwp%2Fv2%2Ftags&post=45477"}],"curies":[{"name":"wp","href":"https:\/\/api.w.org\/{rel}","templated":true}]}}