{"id":50339,"date":"2021-12-17T11:09:36","date_gmt":"2021-12-17T11:09:36","guid":{"rendered":"http:\/\/www.latempete.info\/?p=50339"},"modified":"2021-12-17T11:09:38","modified_gmt":"2021-12-17T11:09:38","slug":"fille-ainee-de-la-defunte-abeti-masikini-la-chanteuse-yollande-masikini-decedee-en-france","status":"publish","type":"post","link":"https:\/\/www.latempete.info\/?p=50339","title":{"rendered":"Fille a\u00een\u00e9e de la d\u00e9funte Abeti Masikini: la chanteuse Yollande Masikini d\u00e9c\u00e9d\u00e9e en France"},"content":{"rendered":"\n<p><br>Par TSM<\/p>\n\n\n\n<p>La fille a\u00een\u00e9e de la d\u00e9funte musicienne Abeti Masikini, Yollande Masikini, a tir\u00e9 sa r\u00e9v\u00e9rence, samedi 11 d\u00e9cembre 2021 en France, suite \u00e0 une maladie. La nouvelle de cette mort a \u00e9t\u00e9 annonc\u00e9e dimanche dernier par l&rsquo;Association sans but lucratif \u00abArtiste en Danger\u00bb de Shaka Kongo.<\/p>\n\n\n\n<p>Devenue chanteuse dans le but de p\u00e9renniser les \u0153uvres musicales de sa m\u00e8re, Yollande Masikini, Kiki pour les intimes, \u00e9tait \u00e0 cheval entre la R\u00e9publique D\u00e9mocratique du Congo, le Togo et la France. Dans cette d\u00e9marche, elle \u00e9tait accompagn\u00e9e par son p\u00e8re, G\u00e9rard Akwesson, qui fut \u00e9galement le manager de sa m\u00e8re.<\/p>\n\n\n\n<p>C&rsquo;est ainsi qu&rsquo;ils ont pu r\u00e9aliser un film documentaire dans le but de comm\u00e9morer les 20 ans de disparition de tantine Abeti Masikini. Aussi, une c\u00e9l\u00e9bration a eu lieu au Grand H\u00f4tel Kinshasa et dans la province de la Tshopo, pr\u00e9cis\u00e9ment dans la ville de Kisangani, dont \u00e9tait originaire l&rsquo;artiste Abeti Masikini.<\/p>\n\n\n\n<p>Selon le communiqu\u00e9 officiel de sa famille, la fille de la \u00a0\u00bb Tigresse \u00a0\u00bb de la musique congolaise s&rsquo;est produite deux fois \u00e0 Lom\u00e9 pour perp\u00e9tuer la m\u00e9moire artistique de sa d\u00e9funte maman. Au mois de septembre dernier, elle \u00e9tait dans la m\u00eame ville pour l&rsquo;enregistrement, avec ses musiciens bas\u00e9s \u00e0 Lom\u00e9, capitale du Togo.<\/p>\n\n\n\n<p>Yollande Masikini qui avait une forte ressemblance avec sa m\u00e8re, \u00e9tait \u00e9galement \u00e0 la t\u00eate de la fondation \u00ab\u00a0Abeti Masikini Finant\u00a0\u00bb par laquelle elle a pos\u00e9 plusieurs actions philanthropiques. Pour rappel, la jeune femme a quitt\u00e9 la terre des hommes 27 ans apr\u00e8s le d\u00e9c\u00e8s de sa m\u00e8re.<\/p>\n","protected":false},"excerpt":{"rendered":"<p>Fille a\u00een\u00e9e de la d\u00e9funte Abeti Masikini: la chanteuse Yollande Masikini d\u00e9c\u00e9d\u00e9e en France<\/p>\n","protected":false},"author":1,"featured_media":50340,"comment_status":"closed","ping_status":"closed","sticky":false,"template":"","format":"standard","meta":{"footnotes":""},"categories":[8,134,29],"tags":[],"class_list":["post-50339","post","type-post","status-publish","format-standard","has-post-thumbnail","hentry","category-culture-media","category-la-tempete-des-tropiques","category-musique"],"_links":{"self":[{"href":"https:\/\/www.latempete.info\/index.php?rest_route=\/wp\/v2\/posts\/50339"}],"collection":[{"href":"https:\/\/www.latempete.info\/index.php?rest_route=\/wp\/v2\/posts"}],"about":[{"href":"https:\/\/www.latempete.info\/index.php?rest_route=\/wp\/v2\/types\/post"}],"author":[{"embeddable":true,"href":"https:\/\/www.latempete.info\/index.php?rest_route=\/wp\/v2\/users\/1"}],"replies":[{"embeddable":true,"href":"https:\/\/www.latempete.info\/index.php?rest_route=%2Fwp%2Fv2%2Fcomments&post=50339"}],"version-history":[{"count":1,"href":"https:\/\/www.latempete.info\/index.php?rest_route=\/wp\/v2\/posts\/50339\/revisions"}],"predecessor-version":[{"id":50341,"href":"https:\/\/www.latempete.info\/index.php?rest_route=\/wp\/v2\/posts\/50339\/revisions\/50341"}],"wp:featuredmedia":[{"embeddable":true,"href":"https:\/\/www.latempete.info\/index.php?rest_route=\/wp\/v2\/media\/50340"}],"wp:attachment":[{"href":"https:\/\/www.latempete.info\/index.php?rest_route=%2Fwp%2Fv2%2Fmedia&parent=50339"}],"wp:term":[{"taxonomy":"category","embeddable":true,"href":"https:\/\/www.latempete.info\/index.php?rest_route=%2Fwp%2Fv2%2Fcategories&post=50339"},{"taxonomy":"post_tag","embeddable":true,"href":"https:\/\/www.latempete.info\/index.php?rest_route=%2Fwp%2Fv2%2Ftags&post=50339"}],"curies":[{"name":"wp","href":"https:\/\/api.w.org\/{rel}","templated":true}]}}